{"id":97641,"date":"2023-02-13T14:29:37","date_gmt":"2023-02-13T17:29:37","guid":{"rendered":"https:\/\/www.actualidadadiario.com\/?p=97641"},"modified":"2023-02-13T14:29:37","modified_gmt":"2023-02-13T17:29:37","slug":"causa-cuadernos-la-camara-federal-rechazo-pedido-del-fiscal-stornelli","status":"publish","type":"post","link":"https:\/\/www.actualidadadiario.com\/index.php\/2023\/02\/13\/causa-cuadernos-la-camara-federal-rechazo-pedido-del-fiscal-stornelli\/","title":{"rendered":"Causa Cuadernos: la C\u00e1mara Federal rechaz\u00f3 pedido del fiscal Stornelli"},"content":{"rendered":"<p style=\"text-align: center;\"><em><strong>La C\u00e1mara Federal deneg\u00f3 un pedido del fiscal Carlos Stornelli, en el que solicit\u00f3 mover la causa de pruebas iiregulares del empresario Armando Loson. Pretend\u00eda que esa investigaci\u00f3n recaiga en manos del juez Juli\u00e1n Ercolini, quien lleva adelante la Causa Cuadernos<\/strong><\/em><\/p>\n<p>&nbsp;<\/p>\n<p>&nbsp;<\/p>\n<p>Un pedido del fiscal Carlos Stornelli, en el marco de la Causa Cuadernos, fue denegado este lunes. Se trata de una decisi\u00f3n que la C\u00e1mara Federal tom\u00f3 a partir de un planteo para que la denuncia contra el empresario Armando Loson recaiga en manos del juez Juli\u00e1n Ercolini.<\/p>\n<p>La C\u00e1mara, en un fallo unipersonal de Leopoldo Bruglia, no s\u00f3lo rechaz\u00f3 el planteo de Stornelli sino que proclam\u00f3, adem\u00e1s, que es &#8220;propicio en este caso, que sea un magistrado ajeno a la valoraci\u00f3n de esta prueba que se denuncia como irregular, quien lleve a cabo la pesquisa en este sentido&#8221;.<\/p>\n<p>&nbsp;<\/p>\n<p><strong>Causa Cuadernos: la C\u00e1mara rechaz\u00f3 pedido del fiscal Stornelli<\/strong><\/p>\n<p>Loson, titular del Grupo Albanesi, que se dedica al negocio de la energ\u00eda, es uno de los imputados en la Causa Cuadernos. All\u00ed encarg\u00f3 un peritaje privado sobre copias de los cuadernos y detect\u00f3 m\u00e1s de mil tachaduras, correcciones, enmiendas y sobre escrituras. Esas irregularidades luego fueron confirmadas por el peritaje oficial de la Justicia.<\/p>\n<p>Ante ese escenario, el empresario inici\u00f3 la causa 1.031\/2022 mediante una denuncia formulada el 1\u00b0 de abril de 2022 y asumi\u00f3 el rol de querellante.<\/p>\n<p>Esa denuncia tramita ante el juez Marcelo Mart\u00ednez de Giorgi, pero el fiscal Carlos Stornelli pidi\u00f3 que pasara a Ercolini, quien est\u00e1 cargo de la Causa Cuadernos, quien actualmente subroga el juzgado que ocup\u00f3 en vida Claudio Bonadio.<\/p>\n<p>&nbsp;<\/p>\n<p><strong>Los detalles de la decisi\u00f3n<\/strong><\/p>\n<p>La denuncia de Loson sostiene que &#8220;Centeno no habr\u00eda sido veraz en su declaraci\u00f3n como arrepentido y\/o en sus anotaciones manuscritas&#8221;, puesto que en las referencias al empresario &#8220;habr\u00eda enmiendas, tachaduras y modificaciones con l\u00edquido corrector, as\u00ed como tambi\u00e9n inscripciones que no corresponden al mismo pu\u00f1o escritor&#8221;.<\/p>\n<p>Ahora, el fallo de la C\u00e1mara Federal rechaz\u00f3 tambi\u00e9n el argumento de Stornelli sobre una supuesta &#8220;vulneraci\u00f3n del debido control de la prueba por las partes interesadas&#8221;.<\/p>\n<p>&#8220;En el supuesto de tener relevancia en las presentes actuaciones, dicho derecho podr\u00e1 ser debidamente ejercido en el marco de este proceso donde, en definitiva, se analizar\u00e1 y otorgar\u00e1 el valor probatorio que se estime pertinente&#8221;, replic\u00f3 Bruglia.<\/p>\n<p>Loson hab\u00eda declarado, en su momento, que el dinero que \u00e9l entreg\u00f3 y que est\u00e1 bajo investigaci\u00f3n en la Causa Cuadernos no fue para sobornar a funcionarios sino para contribuir con la campa\u00f1a electoral del oficialismo entre 2003 y 2015.<\/p>\n","protected":false},"excerpt":{"rendered":"<p>La C\u00e1mara Federal deneg\u00f3 un pedido del fiscal Carlos Stornelli, en el que solicit\u00f3 mover la causa de pruebas iiregulares del empresario Armando Loson. Pretend\u00eda que esa investigaci\u00f3n recaiga en manos del juez Juli\u00e1n Ercolini, quien lleva adelante la Causa Cuadernos &nbsp; &nbsp; Un pedido del fiscal Carlos Stornelli, en el marco de la Causa Cuadernos, fue denegado este lunes. Se trata de una decisi\u00f3n que la C\u00e1mara Federal tom\u00f3 a partir de un planteo para que la denuncia contra el empresario Armando Loson recaiga en manos del juez Juli\u00e1n&#8230;<\/p>\n","protected":false},"author":3,"featured_media":42574,"comment_status":"closed","ping_status":"closed","sticky":false,"template":"","format":"standard","meta":[],"categories":[18],"tags":[],"_links":{"self":[{"href":"https:\/\/www.actualidadadiario.com\/index.php\/wp-json\/wp\/v2\/posts\/97641"}],"collection":[{"href":"https:\/\/www.actualidadadiario.com\/index.php\/wp-json\/wp\/v2\/posts"}],"about":[{"href":"https:\/\/www.actualidadadiario.com\/index.php\/wp-json\/wp\/v2\/types\/post"}],"author":[{"embeddable":true,"href":"https:\/\/www.actualidadadiario.com\/index.php\/wp-json\/wp\/v2\/users\/3"}],"replies":[{"embeddable":true,"href":"https:\/\/www.actualidadadiario.com\/index.php\/wp-json\/wp\/v2\/comments?post=97641"}],"version-history":[{"count":1,"href":"https:\/\/www.actualidadadiario.com\/index.php\/wp-json\/wp\/v2\/posts\/97641\/revisions"}],"predecessor-version":[{"id":97642,"href":"https:\/\/www.actualidadadiario.com\/index.php\/wp-json\/wp\/v2\/posts\/97641\/revisions\/97642"}],"wp:featuredmedia":[{"embeddable":true,"href":"https:\/\/www.actualidadadiario.com\/index.php\/wp-json\/wp\/v2\/media\/42574"}],"wp:attachment":[{"href":"https:\/\/www.actualidadadiario.com\/index.php\/wp-json\/wp\/v2\/media?parent=97641"}],"wp:term":[{"taxonomy":"category","embeddable":true,"href":"https:\/\/www.actualidadadiario.com\/index.php\/wp-json\/wp\/v2\/categories?post=97641"},{"taxonomy":"post_tag","embeddable":true,"href":"https:\/\/www.actualidadadiario.com\/index.php\/wp-json\/wp\/v2\/tags?post=97641"}],"curies":[{"name":"wp","href":"https:\/\/api.w.org\/{rel}","templated":true}]}}