{"id":97639,"date":"2023-02-13T14:28:58","date_gmt":"2023-02-13T17:28:58","guid":{"rendered":"https:\/\/www.actualidadadiario.com\/?p=97639"},"modified":"2023-02-13T14:28:58","modified_gmt":"2023-02-13T17:28:58","slug":"morales-apunto-a-milei-y-dijo-que-cristina-debe-tener-una-estampita-con-su-cara","status":"publish","type":"post","link":"https:\/\/www.actualidadadiario.com\/index.php\/2023\/02\/13\/morales-apunto-a-milei-y-dijo-que-cristina-debe-tener-una-estampita-con-su-cara\/","title":{"rendered":"Morales apunt\u00f3 a Milei y dijo que &#8220;Cristina debe tener una estampita con su cara&#8221;"},"content":{"rendered":"<p style=\"text-align: center;\"><em><strong>El gobernador de Jujuy y presidente del radicalismo consider\u00f3 que Milei est\u00e1 en la escena pol\u00edtica para que &#8220;gobierne la peor casta, que es el kirchnerismo&#8221;<\/strong><\/em><\/p>\n<p>&nbsp;<\/p>\n<p>&nbsp;<\/p>\n<p>El gobernador de Jujuy y precandidato a presidente de Juntos por el Cambio, Gerardo Morales, apunt\u00f3 al diputado Javier Milei y consider\u00f3 que votarlo a \u00e9l &#8220;pone en riesgo las posibilidades de que la Argentina se recupere&#8221;.<\/p>\n<p>&#8220;Cristina (Kirchner) le prende velitas a Milei, debe tener una estampita con su cara. Como debilita a Juntos por el Cambio, Cristina debe estar feliz. En la medida que \u00e9l crece, decrecen las posibilidades de la \u00fanica fuerza pol\u00edtica que puede gobernar la Argentina&#8221;, resalt\u00f3 el presidente de la Uni\u00f3n C\u00edvica Radical (UCR).<\/p>\n<p>En declaraciones a La Naci\u00f3n+, Morales se\u00f1al\u00f3 que &#8220;hay que tener mucho cuidado, porque lo de Milei es un salto al vac\u00edo&#8221;. &#8220;Su rol es para debilitar a Juntos por el Cambio y que siga gobernando el kirchnerismo&#8221;, advirti\u00f3 el gobernador juje\u00f1o y dijo que si &#8220;le dan a manejar un autito en la calesita, lo choca&#8221;.<\/p>\n<p>A su entender, el libertario &#8220;est\u00e1 puesto&#8221; en la escena pol\u00edtica para que &#8220;gobierno la peor casta, que es el kirchnerismo&#8221;. Morales, en tanto, rechaz\u00f3 las declaraciones de Milei sobre Elisa Carri\u00f3 y su relaci\u00f3n con el oficialismo, al considerar que &#8220;eso se lo debe creer \u00e9l con su entelequia, pero si hay alguien que ha luchado contra esta cosa nefasta del kirchnerismo es Lilita&#8221;.<\/p>\n<p>&#8220;Cuando nosotros luch\u00e1bamos contra la casta, \u00e9l era asesor de (Daniel) Scioli, por eso es una gran farsa lo de Milei. \u00bfC\u00f3mo es que sus diputados se levantan cuando se est\u00e1 por tratar la tasa aeroportuaria, no es que quiere bajar los impuestos?&#8221;, resalt\u00f3 el mandatario provincial. Adem\u00e1s, agreg\u00f3: &#8220;Est\u00e1 puesto para que gobierne la peor casta que es el kirchnerismo&#8221;.<\/p>\n","protected":false},"excerpt":{"rendered":"<p>El gobernador de Jujuy y presidente del radicalismo consider\u00f3 que Milei est\u00e1 en la escena pol\u00edtica para que &#8220;gobierne la peor casta, que es el kirchnerismo&#8221; &nbsp; &nbsp; El gobernador de Jujuy y precandidato a presidente de Juntos por el Cambio, Gerardo Morales, apunt\u00f3 al diputado Javier Milei y consider\u00f3 que votarlo a \u00e9l &#8220;pone en riesgo las posibilidades de que la Argentina se recupere&#8221;. &#8220;Cristina (Kirchner) le prende velitas a Milei, debe tener una estampita con su cara. Como debilita a Juntos por el Cambio, Cristina debe estar feliz&#8230;.<\/p>\n","protected":false},"author":3,"featured_media":81096,"comment_status":"closed","ping_status":"closed","sticky":false,"template":"","format":"standard","meta":[],"categories":[18],"tags":[],"_links":{"self":[{"href":"https:\/\/www.actualidadadiario.com\/index.php\/wp-json\/wp\/v2\/posts\/97639"}],"collection":[{"href":"https:\/\/www.actualidadadiario.com\/index.php\/wp-json\/wp\/v2\/posts"}],"about":[{"href":"https:\/\/www.actualidadadiario.com\/index.php\/wp-json\/wp\/v2\/types\/post"}],"author":[{"embeddable":true,"href":"https:\/\/www.actualidadadiario.com\/index.php\/wp-json\/wp\/v2\/users\/3"}],"replies":[{"embeddable":true,"href":"https:\/\/www.actualidadadiario.com\/index.php\/wp-json\/wp\/v2\/comments?post=97639"}],"version-history":[{"count":1,"href":"https:\/\/www.actualidadadiario.com\/index.php\/wp-json\/wp\/v2\/posts\/97639\/revisions"}],"predecessor-version":[{"id":97640,"href":"https:\/\/www.actualidadadiario.com\/index.php\/wp-json\/wp\/v2\/posts\/97639\/revisions\/97640"}],"wp:featuredmedia":[{"embeddable":true,"href":"https:\/\/www.actualidadadiario.com\/index.php\/wp-json\/wp\/v2\/media\/81096"}],"wp:attachment":[{"href":"https:\/\/www.actualidadadiario.com\/index.php\/wp-json\/wp\/v2\/media?parent=97639"}],"wp:term":[{"taxonomy":"category","embeddable":true,"href":"https:\/\/www.actualidadadiario.com\/index.php\/wp-json\/wp\/v2\/categories?post=97639"},{"taxonomy":"post_tag","embeddable":true,"href":"https:\/\/www.actualidadadiario.com\/index.php\/wp-json\/wp\/v2\/tags?post=97639"}],"curies":[{"name":"wp","href":"https:\/\/api.w.org\/{rel}","templated":true}]}}