{"id":97636,"date":"2023-02-13T14:06:12","date_gmt":"2023-02-13T17:06:12","guid":{"rendered":"https:\/\/www.actualidadadiario.com\/?p=97636"},"modified":"2023-02-13T14:06:12","modified_gmt":"2023-02-13T17:06:12","slug":"recuerdan-que-el-reperfilamiento-de-deuda-de-macri-dano-fuertemente-los-mercados","status":"publish","type":"post","link":"https:\/\/www.actualidadadiario.com\/index.php\/2023\/02\/13\/recuerdan-que-el-reperfilamiento-de-deuda-de-macri-dano-fuertemente-los-mercados\/","title":{"rendered":"Recuerdan que el &#8220;reperfilamiento&#8221; de deuda de Macri &#8220;da\u00f1\u00f3 fuertemente&#8221; los mercados"},"content":{"rendered":"<p style=\"text-align: center;\"><em><strong>En un cr\u00edtico informe, la firma que conduce el economista Sergio Chouza atribuy\u00f3 a un &#8220;circo pol\u00edtico&#8221; los cuestionamientos de estos d\u00edas sobre la din\u00e1mica de la deuda. El &#8220;prontuario&#8221; de la administraci\u00f3n de JxC en la gesti\u00f3n de pasivos<\/strong><\/em><\/p>\n<p>&nbsp;<\/p>\n<p>&nbsp;<\/p>\n<p>El \u201creperfilamiento\u201d de la deuda p\u00fablica por US$ 100.000 millones dispuesto por el gobierno de Mauricio Macri en 2019 \u201cda\u00f1\u00f3 fuertemente al mercado de fondos comunes de inversi\u00f3n (FCI) y estres\u00f3 la cadena de pagos de muchas empresas\u201d, seg\u00fan una consultora privada.<\/p>\n<p>Desde la consultora Sarand\u00ed, que conduce el economista Sergio Chouza, concluyeron que \u201cel ruido de estos d\u00edas sobre la din\u00e1mica de la deuda tiene m\u00e1s de circo pol\u00edtico que de dudas reales en los participantes del debate p\u00fablico\u201d, y afirmaron que se trata de un tema particularmente sensible \u201cdado el prontuario que arrastra la administraci\u00f3n anterior en la gesti\u00f3n de pasivos\u201d.<\/p>\n<p>En esa l\u00ednea, contextualizaron que \u201cel reperfilamiento de 2019 tuvo consecuencias financieras aciagas, da\u00f1ando fuertemente al mercado de FCI y poniendo en stress la cadena de pago de muchas empresas.<\/p>\n<p>De esta manera, desde la consultora, adjudicaron a la \u201ccampa\u00f1a electoral ya lanzada\u201d el que \u201clos sectores m\u00e1s radicalizados ven resquicios tentadores para hacer tambalear\u201d al oficialismo.<\/p>\n","protected":false},"excerpt":{"rendered":"<p>En un cr\u00edtico informe, la firma que conduce el economista Sergio Chouza atribuy\u00f3 a un &#8220;circo pol\u00edtico&#8221; los cuestionamientos de estos d\u00edas sobre la din\u00e1mica de la deuda. El &#8220;prontuario&#8221; de la administraci\u00f3n de JxC en la gesti\u00f3n de pasivos &nbsp; &nbsp; El \u201creperfilamiento\u201d de la deuda p\u00fablica por US$ 100.000 millones dispuesto por el gobierno de Mauricio Macri en 2019 \u201cda\u00f1\u00f3 fuertemente al mercado de fondos comunes de inversi\u00f3n (FCI) y estres\u00f3 la cadena de pagos de muchas empresas\u201d, seg\u00fan una consultora privada. Desde la consultora Sarand\u00ed, que conduce&#8230;<\/p>\n","protected":false},"author":3,"featured_media":97475,"comment_status":"closed","ping_status":"closed","sticky":false,"template":"","format":"standard","meta":[],"categories":[9],"tags":[],"_links":{"self":[{"href":"https:\/\/www.actualidadadiario.com\/index.php\/wp-json\/wp\/v2\/posts\/97636"}],"collection":[{"href":"https:\/\/www.actualidadadiario.com\/index.php\/wp-json\/wp\/v2\/posts"}],"about":[{"href":"https:\/\/www.actualidadadiario.com\/index.php\/wp-json\/wp\/v2\/types\/post"}],"author":[{"embeddable":true,"href":"https:\/\/www.actualidadadiario.com\/index.php\/wp-json\/wp\/v2\/users\/3"}],"replies":[{"embeddable":true,"href":"https:\/\/www.actualidadadiario.com\/index.php\/wp-json\/wp\/v2\/comments?post=97636"}],"version-history":[{"count":1,"href":"https:\/\/www.actualidadadiario.com\/index.php\/wp-json\/wp\/v2\/posts\/97636\/revisions"}],"predecessor-version":[{"id":97637,"href":"https:\/\/www.actualidadadiario.com\/index.php\/wp-json\/wp\/v2\/posts\/97636\/revisions\/97637"}],"wp:featuredmedia":[{"embeddable":true,"href":"https:\/\/www.actualidadadiario.com\/index.php\/wp-json\/wp\/v2\/media\/97475"}],"wp:attachment":[{"href":"https:\/\/www.actualidadadiario.com\/index.php\/wp-json\/wp\/v2\/media?parent=97636"}],"wp:term":[{"taxonomy":"category","embeddable":true,"href":"https:\/\/www.actualidadadiario.com\/index.php\/wp-json\/wp\/v2\/categories?post=97636"},{"taxonomy":"post_tag","embeddable":true,"href":"https:\/\/www.actualidadadiario.com\/index.php\/wp-json\/wp\/v2\/tags?post=97636"}],"curies":[{"name":"wp","href":"https:\/\/api.w.org\/{rel}","templated":true}]}}