{"id":97633,"date":"2023-02-13T14:01:07","date_gmt":"2023-02-13T17:01:07","guid":{"rendered":"https:\/\/www.actualidadadiario.com\/?p=97633"},"modified":"2023-02-13T14:01:07","modified_gmt":"2023-02-13T17:01:07","slug":"miembros-de-la-iglesia-catolica-de-portugal-abusaron-sexualmente-de-casi-5-000-menores","status":"publish","type":"post","link":"https:\/\/www.actualidadadiario.com\/index.php\/2023\/02\/13\/miembros-de-la-iglesia-catolica-de-portugal-abusaron-sexualmente-de-casi-5-000-menores\/","title":{"rendered":"Miembros de la iglesia cat\u00f3lica de Portugal abusaron sexualmente de casi 5.000 menores"},"content":{"rendered":"<p style=\"text-align: center;\"><em><strong>En octubre, un equipo de seis expertos, encabezado por Strecht, anunci\u00f3 que hab\u00eda registrado 424 testimonios leg\u00edtimos de presuntas v\u00edctimas pero advirti\u00f3 que el n\u00famero total era &#8220;mucho mayor&#8221;<\/strong><\/em><\/p>\n<p>&nbsp;<\/p>\n<p>&nbsp;<\/p>\n<p>Sacerdotes y otros miembros del clero cat\u00f3lico de Portugal abusaron sexualmente de al menos 4.815 menores desde 1950, seg\u00fan una comisi\u00f3n de investigaci\u00f3n que anunci\u00f3 este lunes sus conclusiones tras escuchar a cientos de v\u00edctimas.<\/p>\n<p>&#8220;Estos testimonios nos permiten establecer una red de v\u00edctimas mucho m\u00e1s amplia, de al menos 4.815&#8221;, declar\u00f3 el psiquiatra infantil Pedro Strecht en una rueda de prensa en Lisboa, report\u00f3 la agencia de noticias AFP.<\/p>\n<p>El papa Francisco tiene previsto viajar a la capital portuguesa en agosto para las jornadas mundiales de la juventud y podr\u00eda reunirse con las v\u00edctimas, indic\u00f3 recientemente el arzobispo auxiliar de Lisboa, Am\u00e9rico Aguiar.<\/p>\n<p>La investigaci\u00f3n sobre el clero de Portugal fue encargada en 2021 por la iglesia de este pa\u00eds de arraigada tradici\u00f3n cat\u00f3lica.<\/p>\n<p>En octubre, un equipo de seis expertos, encabezado por Strecht, anunci\u00f3 que hab\u00eda registrado 424 testimonios leg\u00edtimos de presuntas v\u00edctimas pero advirti\u00f3 que el n\u00famero total era &#8220;mucho mayor&#8221;.<\/p>\n<p>Los hechos denunciados revelan &#8220;situaciones graves que persistieron durante d\u00e9cadas, que se hacen m\u00e1s evidentes cuanto m\u00e1s se retrocede en el tiempo y que, en algunos lugares, adquirieron proporciones verdaderamente end\u00e9micas&#8221;, concluy\u00f3 el equipo en octubre, durante un primer balance.<\/p>\n<p>La mayor\u00eda de los cr\u00edmenes denunciados prescribieron, pero 25 acusaciones fueron transmitidas a las autoridades judiciales, que abrieron investigaciones.<\/p>\n<p>Uno de esos casos es el de Alexandra, el segundo nombre de una mujer de 43 a\u00f1os que prefiere permanecer en el anonimato y fue violada por un sacerdote cuando se preparaba para la vida de monja a los 17 a\u00f1os.<\/p>\n<p>&#8220;Es muy dif\u00edcil hablar del tema en Portugal&#8221;, un pa\u00eds en el que el 80% de la poblaci\u00f3n se define como cat\u00f3lica, explica Alexandra, que ahora es madre, se form\u00f3 en inform\u00e1tica y trabaja como ayudante de cocina.<\/p>\n<p>&#8220;Llevaba muchos a\u00f1os guardando este secreto, pero sent\u00eda que era cada vez m\u00e1s dif\u00edcil gestionar eso sola&#8221;, cuenta durante una entrevista telef\u00f3nica con la agencia AFP.<\/p>\n<p>Lleg\u00f3 a denunciar a su agresor ante las autoridades eclesi\u00e1sticas, pero se sinti\u00f3 &#8220;ignorada&#8221;.<\/p>\n<p>Tres a\u00f1os m\u00e1s tarde, los expertos de la comisi\u00f3n independiente ofrecieron escucharla y proporcionarle un apoyo psicol\u00f3gico.<\/p>\n<p>En abril, el cardenal-patriarca de Lisboa y m\u00e1ximo prelado de la iglesia portuguesa, Manuel Clemente, se declar\u00f3 dispuesto a &#8220;reconocer los errores del pasado&#8221; y a &#8220;pedir perd\u00f3n&#8221; a las v\u00edctimas.<\/p>\n<p>&#8220;Que los obispos pidan perd\u00f3n no significa nada para m\u00ed. No sabemos si lo dicen en serio&#8221;, replic\u00f3 Alexandra, que dijo sentirse &#8220;asqueada&#8221; por la iglesia y su encubrimiento de los abusos sexuales.<\/p>\n<p>El papa Francisco, que viajar\u00e1 a la capital portuguesa en agosto, podr\u00eda reunirse con las v\u00edctimas.<\/p>\n<p>Ante los miles de casos que han salido a la luz en todo el mundo y las acusaciones de encubrimiento, el Pont\u00edfice prometi\u00f3 en 2019 erradicar los abusos sexuales a menores del clero en el seno de la iglesia.<\/p>\n<p>Varios pa\u00edses publicaron informes sobre estos delitos, entre ellos Francia, Irlanda, Alemania, Australia o Pa\u00edses Bajos.<\/p>\n<p>Los obispos portugueses se reunir\u00e1n a principios de marzo para sacar conclusiones del informe y &#8220;erradicar en la medida de lo posible esta lacra de la vida de la Iglesia&#8221;, declar\u00f3 en enero el secretario de la conferencia episcopal, el padre Manuel Barbosa.<\/p>\n","protected":false},"excerpt":{"rendered":"<p>En octubre, un equipo de seis expertos, encabezado por Strecht, anunci\u00f3 que hab\u00eda registrado 424 testimonios leg\u00edtimos de presuntas v\u00edctimas pero advirti\u00f3 que el n\u00famero total era &#8220;mucho mayor&#8221; &nbsp; &nbsp; Sacerdotes y otros miembros del clero cat\u00f3lico de Portugal abusaron sexualmente de al menos 4.815 menores desde 1950, seg\u00fan una comisi\u00f3n de investigaci\u00f3n que anunci\u00f3 este lunes sus conclusiones tras escuchar a cientos de v\u00edctimas. &#8220;Estos testimonios nos permiten establecer una red de v\u00edctimas mucho m\u00e1s amplia, de al menos 4.815&#8221;, declar\u00f3 el psiquiatra infantil Pedro Strecht en una&#8230;<\/p>\n","protected":false},"author":3,"featured_media":97634,"comment_status":"closed","ping_status":"closed","sticky":false,"template":"","format":"standard","meta":[],"categories":[4],"tags":[],"_links":{"self":[{"href":"https:\/\/www.actualidadadiario.com\/index.php\/wp-json\/wp\/v2\/posts\/97633"}],"collection":[{"href":"https:\/\/www.actualidadadiario.com\/index.php\/wp-json\/wp\/v2\/posts"}],"about":[{"href":"https:\/\/www.actualidadadiario.com\/index.php\/wp-json\/wp\/v2\/types\/post"}],"author":[{"embeddable":true,"href":"https:\/\/www.actualidadadiario.com\/index.php\/wp-json\/wp\/v2\/users\/3"}],"replies":[{"embeddable":true,"href":"https:\/\/www.actualidadadiario.com\/index.php\/wp-json\/wp\/v2\/comments?post=97633"}],"version-history":[{"count":1,"href":"https:\/\/www.actualidadadiario.com\/index.php\/wp-json\/wp\/v2\/posts\/97633\/revisions"}],"predecessor-version":[{"id":97635,"href":"https:\/\/www.actualidadadiario.com\/index.php\/wp-json\/wp\/v2\/posts\/97633\/revisions\/97635"}],"wp:featuredmedia":[{"embeddable":true,"href":"https:\/\/www.actualidadadiario.com\/index.php\/wp-json\/wp\/v2\/media\/97634"}],"wp:attachment":[{"href":"https:\/\/www.actualidadadiario.com\/index.php\/wp-json\/wp\/v2\/media?parent=97633"}],"wp:term":[{"taxonomy":"category","embeddable":true,"href":"https:\/\/www.actualidadadiario.com\/index.php\/wp-json\/wp\/v2\/categories?post=97633"},{"taxonomy":"post_tag","embeddable":true,"href":"https:\/\/www.actualidadadiario.com\/index.php\/wp-json\/wp\/v2\/tags?post=97633"}],"curies":[{"name":"wp","href":"https:\/\/api.w.org\/{rel}","templated":true}]}}