{"id":97630,"date":"2023-02-13T14:00:26","date_gmt":"2023-02-13T17:00:26","guid":{"rendered":"https:\/\/www.actualidadadiario.com\/?p=97630"},"modified":"2023-02-13T14:00:26","modified_gmt":"2023-02-13T17:00:26","slug":"masiva-protesta-en-madrid-en-defensa-de-la-salud-publica","status":"publish","type":"post","link":"https:\/\/www.actualidadadiario.com\/index.php\/2023\/02\/13\/masiva-protesta-en-madrid-en-defensa-de-la-salud-publica\/","title":{"rendered":"Masiva protesta en Madrid en defensa de la salud p\u00fablica"},"content":{"rendered":"<p style=\"text-align: center;\"><em><strong>La marcha congreg\u00f3 a cerca de medio mill\u00f3n de personas seg\u00fan los organizadores, que pidieron &#8220;m\u00e1s recursos&#8221; al gobierno auton\u00f3mico de Madrid, acusado de favorecer a los prestadores privados en detrimento del sistema p\u00fablico de salud<\/strong><\/em><\/p>\n<p>&nbsp;<\/p>\n<p>&nbsp;<\/p>\n<p>Cientos de miles de personas marcharon este domingo en Madrid en una nueva protesta para defender el sistema p\u00fablico de salud de la regi\u00f3n que alberga a la capital espa\u00f1ola, lastrado desde hace meses por falta de personal y de recursos.<\/p>\n<p>La protesta congreg\u00f3 a cerca de medio mill\u00f3n de personas seg\u00fan los organizadores, que pidieron \u00abm\u00e1s recursos\u00bb al Gobierno auton\u00f3mico de Madrid, acusado de favorecer a los prestadores privados en detrimento del sistema p\u00fablico de salud.<\/p>\n<p>La marcha en defensa de \u00abuna sanidad 100% p\u00fablica, universal y de calidad\u00bb y en contra la pol\u00edtica sanitaria del Gobierno de D\u00edaz Ayuso -el que menos invierte en eso de todos los Ejecutivos regionales a pesar de ser la comunidad m\u00e1s rica- fue las m\u00e1s masiva de los \u00faltimos a\u00f1os en la capital espa\u00f1ola.<\/p>\n<p>En simult\u00e1neo, tambi\u00e9n hubo marchas en distintas ciudades de Espa\u00f1a en defensa del sistema de salud p\u00fablica.<\/p>\n<p>Los manifestantes, entre los cuales hab\u00eda numerosos empleados del sector de la salud, se dieron cita en distintos puntos de Madrid con tambores y silbatos con el objetivo de llegar hasta la municipalidad con pancartas con la consigna \u00abLa salud no se vende, se defiende\u00bb.<\/p>\n<p>\u00abEn Espa\u00f1a la sanidad p\u00fablica era muy buena, pero se ha degradado mucho \u00faltimamente, sobre todo desde la pandemia\u00bb, dijo Ana Santamar\u00eda, una residente de Madrid que acudi\u00f3 a la marcha con su amiga Susana Bardillo.<\/p>\n<p>Para Bardillo, ahora hay que esperar semanas para obtener una cita de atenci\u00f3n primaria.<\/p>\n<p>\u00abCon esto se saturan los hospitales, porque la gente al final va a urgencias\u00bb, explic\u00f3 y afirm\u00f3 que con esto se genera maltrato que afecta tanto a los profesionales, como a los pacientes.<\/p>\n<p>D\u00edaz Ayuso, una de las figuras emergentes del PP que obtuvo mayor\u00eda absoluta en las elecciones regionales de Madrid en mayo de 2021, anunci\u00f3 que desea impulsar las videoconsultas y la telemedicina, adem\u00e1s de potenciar el rol de las enfermeras para resolver los problemas de sanidad en la regi\u00f3n de Madrid, la m\u00e1s rica de Espa\u00f1a.<\/p>\n<p>Seg\u00fan los sindicatos, la atenci\u00f3n primaria en la regi\u00f3n de Madrid est\u00e1 sometida a gran presi\u00f3n desde hace a\u00f1os, debido a la falta de recursos y a una deficiente gesti\u00f3n.<\/p>\n<p>Esta manifestaci\u00f3n es la tercera de gran envergadura en menos de tres meses en la capital espa\u00f1ola. La primera protesta se realiz\u00f3 el 13 de noviembre y la segunda el 15 de enero.<\/p>\n<p>Desde el 21 de noviembre, los m\u00e9dicos del sistema p\u00fablico de Madrid est\u00e1n en huelga indefinida en reclamo de mejores condiciones de trabajo, una menor carga de pacientes y aumentos salariales.<\/p>\n<p>El descontento con las carencias del sistema de salud afectan a varias regiones de Espa\u00f1a, un pa\u00eds descentralizado donde las autoridades auton\u00f3micas gestionan temas como la salud. Pero es en Madrid, donde gobierna la agrupaci\u00f3n de derecha Partido Popular encarnado por el duro mando de D\u00edaz Ayuso, donde el movimiento de protesta es m\u00e1s fuerte.<\/p>\n","protected":false},"excerpt":{"rendered":"<p>La marcha congreg\u00f3 a cerca de medio mill\u00f3n de personas seg\u00fan los organizadores, que pidieron &#8220;m\u00e1s recursos&#8221; al gobierno auton\u00f3mico de Madrid, acusado de favorecer a los prestadores privados en detrimento del sistema p\u00fablico de salud &nbsp; &nbsp; Cientos de miles de personas marcharon este domingo en Madrid en una nueva protesta para defender el sistema p\u00fablico de salud de la regi\u00f3n que alberga a la capital espa\u00f1ola, lastrado desde hace meses por falta de personal y de recursos. La protesta congreg\u00f3 a cerca de medio mill\u00f3n de personas seg\u00fan&#8230;<\/p>\n","protected":false},"author":3,"featured_media":97631,"comment_status":"closed","ping_status":"closed","sticky":false,"template":"","format":"standard","meta":[],"categories":[4],"tags":[],"_links":{"self":[{"href":"https:\/\/www.actualidadadiario.com\/index.php\/wp-json\/wp\/v2\/posts\/97630"}],"collection":[{"href":"https:\/\/www.actualidadadiario.com\/index.php\/wp-json\/wp\/v2\/posts"}],"about":[{"href":"https:\/\/www.actualidadadiario.com\/index.php\/wp-json\/wp\/v2\/types\/post"}],"author":[{"embeddable":true,"href":"https:\/\/www.actualidadadiario.com\/index.php\/wp-json\/wp\/v2\/users\/3"}],"replies":[{"embeddable":true,"href":"https:\/\/www.actualidadadiario.com\/index.php\/wp-json\/wp\/v2\/comments?post=97630"}],"version-history":[{"count":1,"href":"https:\/\/www.actualidadadiario.com\/index.php\/wp-json\/wp\/v2\/posts\/97630\/revisions"}],"predecessor-version":[{"id":97632,"href":"https:\/\/www.actualidadadiario.com\/index.php\/wp-json\/wp\/v2\/posts\/97630\/revisions\/97632"}],"wp:featuredmedia":[{"embeddable":true,"href":"https:\/\/www.actualidadadiario.com\/index.php\/wp-json\/wp\/v2\/media\/97631"}],"wp:attachment":[{"href":"https:\/\/www.actualidadadiario.com\/index.php\/wp-json\/wp\/v2\/media?parent=97630"}],"wp:term":[{"taxonomy":"category","embeddable":true,"href":"https:\/\/www.actualidadadiario.com\/index.php\/wp-json\/wp\/v2\/categories?post=97630"},{"taxonomy":"post_tag","embeddable":true,"href":"https:\/\/www.actualidadadiario.com\/index.php\/wp-json\/wp\/v2\/tags?post=97630"}],"curies":[{"name":"wp","href":"https:\/\/api.w.org\/{rel}","templated":true}]}}