{"id":97628,"date":"2023-02-13T13:59:40","date_gmt":"2023-02-13T16:59:40","guid":{"rendered":"https:\/\/www.actualidadadiario.com\/?p=97628"},"modified":"2023-02-13T13:59:40","modified_gmt":"2023-02-13T16:59:40","slug":"diputados-oficialismo-busca-aprobar-moratoria-previsional-antes-de-fin-de-mes","status":"publish","type":"post","link":"https:\/\/www.actualidadadiario.com\/index.php\/2023\/02\/13\/diputados-oficialismo-busca-aprobar-moratoria-previsional-antes-de-fin-de-mes\/","title":{"rendered":"Diputados: oficialismo busca aprobar moratoria previsional antes de fin de mes"},"content":{"rendered":"<p style=\"text-align: center;\"><em><strong>El Frente de Todos acelera la aprobaci\u00f3n del proyecto de moratoria previsional, estancado desde noviembre pasado con media sanci\u00f3n del Senado. El objetivo del oficialismo es llegar al 1\u00b0 de marzo, d\u00eda de inicio de sesiones ordinarias, con varias iniciativas sancionadas<\/strong><\/em><\/p>\n<p>&nbsp;<\/p>\n<p>&nbsp;<\/p>\n<p>El Frente de Todos (FdT) trabaja a contrarreloj para lograr el qu\u00f3rum y comenzar a aprobar los proyectos del temario que el presidente Alberto Fern\u00e1ndez envi\u00f3 para las sesiones extraordinarias en la C\u00e1mara de Diputados, presidida por Cecilia Moreau. As\u00ed es como el oficialismo buscar\u00e1 hacer efectiva la moratoria previsional antes que termine febrero, a pocos d\u00edas del inicio de las sesiones ordinarias.<\/p>\n<p>El Congreso ingresa este lunes en sus \u00faltimos 15 d\u00edas de sesiones extraordinarias, despu\u00e9s de tres semanas de poco trabajo y con el juicio pol\u00edtico a la Corte Suprema como tema casi exclusivo. La guerra contra el m\u00e1ximo tribunal de Justicia del pa\u00eds continuar\u00e1 este jueves, aunque el FdT de Diputados seguir\u00e1 con algunos movimientos para ir al recinto antes del per\u00edodo ordinario, con el objetivo primordial de sancionar la nueva moratoria previsional.<\/p>\n<p>&nbsp;<\/p>\n<p><strong>Diputados apura aprobar proyectos del temario de extraordinarias<\/strong><\/p>\n<p>De este modo, el oficialismo de Diputados intentar\u00e1 aprobar la iniciativa, con el respaldo varios bloques opositores como el Interbloque Federal, clave para destrabar esta situaci\u00f3n. As\u00ed, la estrategia de bloqueo de Juntos por el Cambio se podr\u00eda romper y el FdT lograr\u00eda al menos aprobar algo antes del 1\u00b0 de marzo, cuando comiencen las sesiones ordinarias en el Congreso.<\/p>\n<p>A sus 118 integrantes, el FdT sumar\u00eda a los cuatro del interbloque Provincias Unidas (referenciados en las gobernaciones de R\u00edo Negro y Misiones); a los cuatro de la izquierda y al menos a cinco o seis de los ocho integrantes del interbloque Federal, donde confluyen peronistas-lavagnistas bonaerenses, socialistas santafesinos y referentes de la fuerza justicialista que gobierna C\u00f3rdoba.<\/p>\n<p>Justamente, el presidente del bloque C\u00f3rdoba Federal, Carlos Guti\u00e9rrez, anunci\u00f3 a fines de enero que no facilitar\u00eda el qu\u00f3rum para sesionar mientras el oficialismo siga adelante con el juicio pol\u00edtico a la Corte Suprema, en una decisi\u00f3n que se emparda con la de JxC.<\/p>\n<p>Sin embargo, puertas adentro del espacio pesan las posiciones sobre el tema que por su ADN pol\u00edtico y social tienen dos protagonistas de peso: la senadora Alejandra Vigo, que vot\u00f3 a favor en junio pasado, y la diputada Natalia de la Sota, que tambi\u00e9n se expres\u00f3 a favor en una de las reuniones de la Comisi\u00f3n de Previsi\u00f3n.<\/p>\n<p>Con las posibles asistencias mencionadas se estar\u00eda llegando a 131 diputados, dos m\u00e1s que los necesarios para dar inicio a una sesi\u00f3n, ya que el qu\u00f3rum es 129 (la mitad m\u00e1s uno de los 257 totales), seg\u00fan estimaron las fuentes parlamentarias.<\/p>\n<p>&nbsp;<\/p>\n<p><strong>Moratoria previsional: cu\u00e1ndo se debatir\u00e1 en Diputados<\/strong><\/p>\n<p>En cuanto a la posible fecha, desde la bancada oficialista manejan las del jueves 23 o del martes 28 para concretar la sesi\u00f3n, dado ya que qued\u00f3 descartada la posibilidad de realizarla la semana pr\u00f3xima.<\/p>\n<p>En Diputados, el juicio pol\u00edtico acapar\u00f3 gran parte del tiempo invertido. Este jueves, la comisi\u00f3n que comanda la kirchnerista Carolina Gaillard definir\u00e1 el cronograma de citaci\u00f3n de testigos y solicitudes de documentaci\u00f3n.<\/p>\n<p>Sin embargo, el oficialismo logr\u00f3 dictaminar, d\u00edas atr\u00e1s, el proyecto que activa un monotributo \u201cTech\u201d, el cual apunta a trabajadores de servicios relacionados con la econom\u00eda del conocimiento con ingresos de hasta u$s30.000 anuales. La iniciativa que tambi\u00e9n cuenta con despacho y espera ser ley desde hace largas semanas es la moratoria previsional.<\/p>\n<p>Meses atr\u00e1s el oficialismo dio luz verde en el Senado a un permiso para que cerca de 850.000 trabajadores en actividad puedan adelantar cuotas y lleguen, al momento de retirarse, sin deudas previsionales. El proyecto fue avalado por la peronista anti K de C\u00f3rdoba, Alejandra Vigo, lo que aumentaba las chances de sanci\u00f3n en Diputados por el interbloque federal, clave para una eventual sesi\u00f3n.<\/p>\n<p>A pesar de que el oficialismo tens\u00f3 el clima pol\u00edtico por el juicio a la Corte, y tras haber insinuado una sesi\u00f3n -v\u00eda operaciones extraoficiales- para los pr\u00f3ximos d\u00edas que no ocurrir\u00e1, ahora promete llegar antes del 1 de marzo -y del discurso de Alberto Fern\u00e1ndez para abrir el per\u00edodo ordinario- con algo aprobado o sancionado.<\/p>\n","protected":false},"excerpt":{"rendered":"<p>El Frente de Todos acelera la aprobaci\u00f3n del proyecto de moratoria previsional, estancado desde noviembre pasado con media sanci\u00f3n del Senado. El objetivo del oficialismo es llegar al 1\u00b0 de marzo, d\u00eda de inicio de sesiones ordinarias, con varias iniciativas sancionadas &nbsp; &nbsp; El Frente de Todos (FdT) trabaja a contrarreloj para lograr el qu\u00f3rum y comenzar a aprobar los proyectos del temario que el presidente Alberto Fern\u00e1ndez envi\u00f3 para las sesiones extraordinarias en la C\u00e1mara de Diputados, presidida por Cecilia Moreau. As\u00ed es como el oficialismo buscar\u00e1 hacer efectiva&#8230;<\/p>\n","protected":false},"author":3,"featured_media":95199,"comment_status":"closed","ping_status":"closed","sticky":false,"template":"","format":"standard","meta":[],"categories":[18],"tags":[],"_links":{"self":[{"href":"https:\/\/www.actualidadadiario.com\/index.php\/wp-json\/wp\/v2\/posts\/97628"}],"collection":[{"href":"https:\/\/www.actualidadadiario.com\/index.php\/wp-json\/wp\/v2\/posts"}],"about":[{"href":"https:\/\/www.actualidadadiario.com\/index.php\/wp-json\/wp\/v2\/types\/post"}],"author":[{"embeddable":true,"href":"https:\/\/www.actualidadadiario.com\/index.php\/wp-json\/wp\/v2\/users\/3"}],"replies":[{"embeddable":true,"href":"https:\/\/www.actualidadadiario.com\/index.php\/wp-json\/wp\/v2\/comments?post=97628"}],"version-history":[{"count":1,"href":"https:\/\/www.actualidadadiario.com\/index.php\/wp-json\/wp\/v2\/posts\/97628\/revisions"}],"predecessor-version":[{"id":97629,"href":"https:\/\/www.actualidadadiario.com\/index.php\/wp-json\/wp\/v2\/posts\/97628\/revisions\/97629"}],"wp:featuredmedia":[{"embeddable":true,"href":"https:\/\/www.actualidadadiario.com\/index.php\/wp-json\/wp\/v2\/media\/95199"}],"wp:attachment":[{"href":"https:\/\/www.actualidadadiario.com\/index.php\/wp-json\/wp\/v2\/media?parent=97628"}],"wp:term":[{"taxonomy":"category","embeddable":true,"href":"https:\/\/www.actualidadadiario.com\/index.php\/wp-json\/wp\/v2\/categories?post=97628"},{"taxonomy":"post_tag","embeddable":true,"href":"https:\/\/www.actualidadadiario.com\/index.php\/wp-json\/wp\/v2\/tags?post=97628"}],"curies":[{"name":"wp","href":"https:\/\/api.w.org\/{rel}","templated":true}]}}