{"id":97626,"date":"2023-02-13T13:58:53","date_gmt":"2023-02-13T16:58:53","guid":{"rendered":"https:\/\/www.actualidadadiario.com\/?p=97626"},"modified":"2023-02-13T13:58:53","modified_gmt":"2023-02-13T16:58:53","slug":"los-miembros-de-la-corte-cierran-filas-y-apuestan-por-audiencias-publicas","status":"publish","type":"post","link":"https:\/\/www.actualidadadiario.com\/index.php\/2023\/02\/13\/los-miembros-de-la-corte-cierran-filas-y-apuestan-por-audiencias-publicas\/","title":{"rendered":"Los miembros de la Corte cierran filas y apuestan por audiencias p\u00fablicas"},"content":{"rendered":"<p style=\"text-align: center;\"><em><strong>De cara a lo que sigue y mientras en la C\u00e1mara de Diputados aprob\u00f3 que se estudien los pedidos de enjuiciamiento acumulados, los cortesanos se propusieron mostrarse activos en involucrados con los problemas de la sociedad<\/strong><\/em><\/p>\n<p>&nbsp;<\/p>\n<p>&nbsp;<\/p>\n<p>Los cuatro miembros de la Corte Suprema arrancaron el a\u00f1o con la intenci\u00f3n de mostrarse activos e involucrados en los problemas de la sociedad mientras siguen atentamente el proceso de destituci\u00f3n que pesa sobre ellos, habilitado por el oficialismo en el Congreso.<\/p>\n<p>El primer encuentro del a\u00f1o entre los ministros Horacio Rosatti, Carlos Rosenkrantz, Ricardo Lorenzetti y Juan Carlos Maqueda, celebrado el jueves pasado, apunt\u00f3 a que los jueces dieran un mensaje de unidad ante los planteos de juicio pol\u00edtico y que desde la c\u00faspide del Poder Judicial se &#8220;dialogue&#8221; con la sociedad mediante audiencias p\u00fablicas.<\/p>\n<p>La posibilidad de convocar a las partes de un litigio al Palacio de Tribunales para que ofrezcan sus argumentos es un instituto que la Corte orden\u00f3 en 2007 para &#8220;elevar la calidad institucional en el \u00e1mbito del Poder Judicial y profundizar el estado constitucional de derecho&#8221;.<\/p>\n<p>Cuando Rosatti lleg\u00f3 a la presidencia de la Corte en octubre de 2021 acord\u00f3 con Rosenkrantz y Maqueda recuperar este procedimiento, por el cual en el foro judicial se discuten jur\u00eddicamente temas relevantes.<\/p>\n<p>As\u00ed, el a\u00f1o pasado se debati\u00f3 largamente en el Palacio de Talcahuano el uso del cannabis medicinal y el &#8220;derecho al olvido&#8221; en relaci\u00f3n a los buscadores de Internet que, efectivamente, mostr\u00f3 al m\u00e1ximo tribunal en un lugar de &#8220;\u00e1rbitro social&#8221;, seg\u00fan definen colaboradores de los miembros del organismo.<\/p>\n<p>El primer consenso de la Corte para este a\u00f1o fue que se repetir\u00e1 esa experiencia convocando a discutir los dilemas de la salud reproductivas, v\u00eda un conflicto con embriones crio-preservados; el pedido colectivo para que cese la explotaci\u00f3n de un yacimiento de YPF en el Parque Nacional Calilegua de Jujuy, y un conflicto de marca de la empresa de riesgo crediticio &#8220;Veraz&#8221;.<\/p>\n<p>Bio\u00e9tica, ambiente y libre competencia, temas convocantes que la Corte podr\u00e1 desplegar en fechas a confirmar, reforzar\u00e1n la estrategia de mostrarse cercanos a preocupaciones sociales, al menos dando espacio para el debate entre abogados y especialistas.<\/p>\n<p>La otra pata a la que se apunta en el cuarto piso de Tribunales, donde tiene su sede el m\u00e1ximo tribunal, es que en este a\u00f1o judicial mejore la productividad de la Corte para moderar el retardo de justicia, sin lograr por ahora mejoras sustanciales.<\/p>\n<p>Mientras que en 2021 la Corte resolvi\u00f3 8358 sentencias, en 2022 firm\u00f3 8409 resoluciones, una mejora de medio centenar de causas que no cambian la percepci\u00f3n de que la m\u00e1xima instancia es una de las m\u00e1s lentas de la Justicia.<\/p>\n<p>En el acuerdo del jueves, despu\u00e9s de apoyarse mutuamente por el proceso de remoci\u00f3n que se discut\u00eda en ese momento en la Comisi\u00f3n de Juicio Pol\u00edtico de Diputados y que termin\u00f3 aprob\u00e1ndose, los cuatro jueces resolvieron 207 expedientes, la mayor parte de ellos aplicando el art\u00edculo 280 del C\u00f3digo Procesal Civil y Comercial de la Naci\u00f3n, que desestima los pedidos de intervenci\u00f3n por motivos de forma y fondo.<\/p>\n<p>Pero los esfuerzos de la Corte no tendr\u00e1n efecto si no se resuelve el problema de los juzgados vacantes que son una cuarta parte del total en la justicia nacional y federal y que, en algunos fueros y jurisdicciones, puede llegar a la mitad de los tribunales sin un magistrado elegido para el cargo.<\/p>\n<p>Con el fallo de la Corte que declar\u00f3 inconstitucional la integraci\u00f3n del Consejo de la Magistratura y retrotrajo su organizaci\u00f3n a los veinte miembros de 2006 con la presidencia en manos del titular de la Corte, Rosatti supuso que estando al frente del organismo que elige los jueces podr\u00eda disminuir la vacancia.<\/p>\n<p>Nada de eso ocurri\u00f3: por el contrario, la nueva conformaci\u00f3n agudiz\u00f3 el conflicto pol\u00edtico-ideol\u00f3gico en el Consejo y lo paraliz\u00f3 por completo cuando, una vez m\u00e1s, la Corte dispuso que deb\u00eda ser el senador de la oposici\u00f3n Luis Juez el representante del Senado en la nueva etapa y no el peronista Mart\u00edn Do\u00f1ate.<\/p>\n<p>El Senado, a trav\u00e9s de sus mayor\u00edas y autoridades, ratific\u00f3 a Do\u00f1ate y Rosatti decidi\u00f3 no tomar juramento a los cuatro representantes de la C\u00e1mara alta, con lo cual el Consejo no podr\u00eda funcionar ni a\u00fan con la mayor armon\u00eda y consenso de las fuerzas pol\u00edticas.<\/p>\n<p>Desde que la Corte intervino con la declaraci\u00f3n de inconstitucionalidad, el Consejo s\u00f3lo logr\u00f3 elevar al Poder Ejecutivo tres ternas para cubrir cargos de jueces federales en Tucum\u00e1n, Santiago del Estero y Misiones.<\/p>\n<p>En tanto, permanecen en el limbo los procesos para cubrir la titularidad de cuatro, de doce, juzgados federales de Comodoro Py y el concurso que busca reemplazar a los camaristas de traslado -declarados &#8220;provisorios&#8221; por la misma Corte- Leopoldo Bruglia y Pablo Bertuzzi.<\/p>\n<p>En todos ellos el problema no es la falta de candidatos id\u00f3neos sino la disputa pol\u00edtica que hace que lograr el voto com\u00fan de dos tercios de los consejeros sea pr\u00e1cticamente imposible.<\/p>\n","protected":false},"excerpt":{"rendered":"<p>De cara a lo que sigue y mientras en la C\u00e1mara de Diputados aprob\u00f3 que se estudien los pedidos de enjuiciamiento acumulados, los cortesanos se propusieron mostrarse activos en involucrados con los problemas de la sociedad &nbsp; &nbsp; Los cuatro miembros de la Corte Suprema arrancaron el a\u00f1o con la intenci\u00f3n de mostrarse activos e involucrados en los problemas de la sociedad mientras siguen atentamente el proceso de destituci\u00f3n que pesa sobre ellos, habilitado por el oficialismo en el Congreso. El primer encuentro del a\u00f1o entre los ministros Horacio Rosatti,&#8230;<\/p>\n","protected":false},"author":3,"featured_media":95795,"comment_status":"closed","ping_status":"closed","sticky":false,"template":"","format":"standard","meta":[],"categories":[18],"tags":[],"_links":{"self":[{"href":"https:\/\/www.actualidadadiario.com\/index.php\/wp-json\/wp\/v2\/posts\/97626"}],"collection":[{"href":"https:\/\/www.actualidadadiario.com\/index.php\/wp-json\/wp\/v2\/posts"}],"about":[{"href":"https:\/\/www.actualidadadiario.com\/index.php\/wp-json\/wp\/v2\/types\/post"}],"author":[{"embeddable":true,"href":"https:\/\/www.actualidadadiario.com\/index.php\/wp-json\/wp\/v2\/users\/3"}],"replies":[{"embeddable":true,"href":"https:\/\/www.actualidadadiario.com\/index.php\/wp-json\/wp\/v2\/comments?post=97626"}],"version-history":[{"count":1,"href":"https:\/\/www.actualidadadiario.com\/index.php\/wp-json\/wp\/v2\/posts\/97626\/revisions"}],"predecessor-version":[{"id":97627,"href":"https:\/\/www.actualidadadiario.com\/index.php\/wp-json\/wp\/v2\/posts\/97626\/revisions\/97627"}],"wp:featuredmedia":[{"embeddable":true,"href":"https:\/\/www.actualidadadiario.com\/index.php\/wp-json\/wp\/v2\/media\/95795"}],"wp:attachment":[{"href":"https:\/\/www.actualidadadiario.com\/index.php\/wp-json\/wp\/v2\/media?parent=97626"}],"wp:term":[{"taxonomy":"category","embeddable":true,"href":"https:\/\/www.actualidadadiario.com\/index.php\/wp-json\/wp\/v2\/categories?post=97626"},{"taxonomy":"post_tag","embeddable":true,"href":"https:\/\/www.actualidadadiario.com\/index.php\/wp-json\/wp\/v2\/tags?post=97626"}],"curies":[{"name":"wp","href":"https:\/\/api.w.org\/{rel}","templated":true}]}}