{"id":97623,"date":"2023-02-13T13:58:12","date_gmt":"2023-02-13T16:58:12","guid":{"rendered":"https:\/\/www.actualidadadiario.com\/?p=97623"},"modified":"2023-02-13T13:58:12","modified_gmt":"2023-02-13T16:58:12","slug":"agustin-rossi-asumira-como-nuevo-jefe-de-gabinete","status":"publish","type":"post","link":"https:\/\/www.actualidadadiario.com\/index.php\/2023\/02\/13\/agustin-rossi-asumira-como-nuevo-jefe-de-gabinete\/","title":{"rendered":"Agust\u00edn Rossi asumir\u00e1 como nuevo jefe de Gabinete"},"content":{"rendered":"<p style=\"text-align: center;\"><em><strong>El presidente Alberto Fern\u00e1ndez le tomar\u00e1 juramento el mi\u00e9rcoles pr\u00f3ximo. Por su parte, el actual ministro coordinador, Juan Manzur, regresar\u00e1 a la provincia de Tucum\u00e1n para ponerse al frente de la campa\u00f1a electoral<\/strong><\/em><\/p>\n<p>&nbsp;<\/p>\n<p>&nbsp;<\/p>\n<p>El Gobierno confirm\u00f3 que el actual interventor de la Agencia Federal de Inteligencia (AFI), Agust\u00edn Rossi, reemplazar\u00e1 como jefe de Gabinete a Juan Manzur, quien renunciar\u00e1 al cargo \u00abpara ponerse al frente de la campa\u00f1a electoral que impulsar\u00e1 a Osvaldo Jaldo para la gobernaci\u00f3n\u00bb de Tucum\u00e1n.<\/p>\n<p>En ese marco, el presidente Alberto Fern\u00e1ndez tomar\u00e1 juramento el mi\u00e9rcoles pr\u00f3ximo a Rossi como ministro coordinador, en un acto previsto a las 16.30. En un comunicado, Presidencia se\u00f1al\u00f3 que Fern\u00e1ndez y Manzur \u00abacordaron que este \u00faltimo regrese a la provincia de Tucum\u00e1n para ponerse al frente de la campa\u00f1a electoral que impulsar\u00e1 a Osvaldo Jaldo para la gobernaci\u00f3n\u00bb.<\/p>\n<p>Manzur acompa\u00f1ar\u00e1 a Jaldo como candidato a vicegobernador. As\u00ed, el funcionario \u00abdeber\u00e1 renunciar ya que la Jefatura de Gabinete es un cargo constitucional que no permite el uso de licencias\u00bb, se indic\u00f3.<\/p>\n<p>\u00abEl Presidente le agradece profundamente su gesti\u00f3n, su compromiso y el apoyo pol\u00edtico y personal que permanentemente le ha brindado y que es rec\u00edproco\u00bb, puntualiza el comunicado. Y agrega que \u00aba partir del 15 de febrero, el Presidente designar\u00e1 como jefe de Gabinete de Ministros a Agust\u00edn Rossi\u00bb.<\/p>\n<p>\u00abRossi -destaca- es un reconocido militante y dirigente pol\u00edtico santafesino, jefe del bloque de diputados de los gobiernos de N\u00e9stor Kirchner y Cristina Kirchner. Adem\u00e1s se desempe\u00f1\u00f3 como ministro de Defensa y, en la actualidad, es el director de la AFI\u00ab.<\/p>\n","protected":false},"excerpt":{"rendered":"<p>El presidente Alberto Fern\u00e1ndez le tomar\u00e1 juramento el mi\u00e9rcoles pr\u00f3ximo. Por su parte, el actual ministro coordinador, Juan Manzur, regresar\u00e1 a la provincia de Tucum\u00e1n para ponerse al frente de la campa\u00f1a electoral &nbsp; &nbsp; El Gobierno confirm\u00f3 que el actual interventor de la Agencia Federal de Inteligencia (AFI), Agust\u00edn Rossi, reemplazar\u00e1 como jefe de Gabinete a Juan Manzur, quien renunciar\u00e1 al cargo \u00abpara ponerse al frente de la campa\u00f1a electoral que impulsar\u00e1 a Osvaldo Jaldo para la gobernaci\u00f3n\u00bb de Tucum\u00e1n. En ese marco, el presidente Alberto Fern\u00e1ndez tomar\u00e1 juramento&#8230;<\/p>\n","protected":false},"author":3,"featured_media":97624,"comment_status":"closed","ping_status":"closed","sticky":false,"template":"","format":"standard","meta":[],"categories":[18],"tags":[],"_links":{"self":[{"href":"https:\/\/www.actualidadadiario.com\/index.php\/wp-json\/wp\/v2\/posts\/97623"}],"collection":[{"href":"https:\/\/www.actualidadadiario.com\/index.php\/wp-json\/wp\/v2\/posts"}],"about":[{"href":"https:\/\/www.actualidadadiario.com\/index.php\/wp-json\/wp\/v2\/types\/post"}],"author":[{"embeddable":true,"href":"https:\/\/www.actualidadadiario.com\/index.php\/wp-json\/wp\/v2\/users\/3"}],"replies":[{"embeddable":true,"href":"https:\/\/www.actualidadadiario.com\/index.php\/wp-json\/wp\/v2\/comments?post=97623"}],"version-history":[{"count":1,"href":"https:\/\/www.actualidadadiario.com\/index.php\/wp-json\/wp\/v2\/posts\/97623\/revisions"}],"predecessor-version":[{"id":97625,"href":"https:\/\/www.actualidadadiario.com\/index.php\/wp-json\/wp\/v2\/posts\/97623\/revisions\/97625"}],"wp:featuredmedia":[{"embeddable":true,"href":"https:\/\/www.actualidadadiario.com\/index.php\/wp-json\/wp\/v2\/media\/97624"}],"wp:attachment":[{"href":"https:\/\/www.actualidadadiario.com\/index.php\/wp-json\/wp\/v2\/media?parent=97623"}],"wp:term":[{"taxonomy":"category","embeddable":true,"href":"https:\/\/www.actualidadadiario.com\/index.php\/wp-json\/wp\/v2\/categories?post=97623"},{"taxonomy":"post_tag","embeddable":true,"href":"https:\/\/www.actualidadadiario.com\/index.php\/wp-json\/wp\/v2\/tags?post=97623"}],"curies":[{"name":"wp","href":"https:\/\/api.w.org\/{rel}","templated":true}]}}