{"id":97620,"date":"2023-02-13T13:57:28","date_gmt":"2023-02-13T16:57:28","guid":{"rendered":"https:\/\/www.actualidadadiario.com\/?p=97620"},"modified":"2023-02-13T13:57:28","modified_gmt":"2023-02-13T16:57:28","slug":"internas-en-juntos-por-el-cambio-la-ucr-le-gano-al-pro-en-la-primera-eleccion-del-ano","status":"publish","type":"post","link":"https:\/\/www.actualidadadiario.com\/index.php\/2023\/02\/13\/internas-en-juntos-por-el-cambio-la-ucr-le-gano-al-pro-en-la-primera-eleccion-del-ano\/","title":{"rendered":"Internas en Juntos por el Cambio: la UCR le gan\u00f3 al PRO en la primera elecci\u00f3n del a\u00f1o"},"content":{"rendered":"<p style=\"text-align: center;\"><em><strong>La primera PASO de Juntos por el Cambio fue para la UCR luego de superar al PRO en La Pampa<\/strong><\/em><\/p>\n<p>&nbsp;<\/p>\n<p>&nbsp;<\/p>\n<p>El camino hacia las elecciones presidenciales de octubre es extenso y todos los partidos pol\u00edticos comenzaron a moverse para ello. Uno de los m\u00e1s convocantes es Juntos por el Cambio, que ya tiene varios precandidatos anunciados, aunque saben que ir\u00e1n a internas para definir los candidatos firmes. Justamente, en este marco la UCR y el PRO se enfrentaron en La Pampa y ya se conocieron los primeros resultados.<\/p>\n<p>Mart\u00edn Berhongaray represent\u00f3 al radicalismo y le gan\u00f3 a Martin Maquieyra del ala macrista. La diferencia es cercana al 60% seg\u00fan los resultados preliminares de la provincia, aunque casi todos los dirigentes de Juntos por el Cambio le atribuyeron la victoria al partido que lidera Gerardo Morales en la primera elecci\u00f3n PASO que disputaron entre ambos espacios, los \u00fanicos que deb\u00edan definir candidaturas en La Pampa hoy.<\/p>\n<p>&nbsp;<\/p>\n<p><strong>Los mensajes desde Juntos por el Cambio<\/strong><\/p>\n<p>La cuenta oficial de la Uni\u00f3n C\u00edvica Radical (UCR) festej\u00f3 la victoria de su candidato por redes sociales y fue la pionera de una catarata de mensajes: \u00abLa Pampa: internas abiertas Vivimos una gran jornada democr\u00e1tica donde el pueblo pampeano eligi\u00f3 a qui\u00e9nes ser\u00e1n candidatas y candidatos de JxC en las pr\u00f3ximas elecciones provinciales. Felicitaciones #PrimeroLaPampa encabezado con el triunfo de @MBerhongaray\u00bb, celebraron.<\/p>\n<p>A su vez, el presidente del espacio, Gerardo Morales, tambi\u00e9n lo festej\u00f3. \u00abComenz\u00f3 la transformaci\u00f3n en La Pampa! Felicitaciones queridos correligionarios Mart\u00edn Berhongaray y Patricia Testa por este gran triunfo del radicalismo en las PASO. Tenemos un partido unido y movilizado, dispuesto a afianzar a\u00fan m\u00e1s Juntos por el Cambio para transformar La Pampa y el pa\u00eds\u00bb, public\u00f3.<\/p>\n<p>Por el ala PRO, Horacio Rodr\u00edguez Larreta reconoci\u00f3 la victoria del radicalismo por medio de su cuenta de Twitter: \u00abFelicitaciones a @mberhongaray por la elecci\u00f3n de Juntos por el Cambio en La Pampa y a Mart\u00edn Maquieyra que demostr\u00f3 que con compromiso y mucho trabajo se puede dar el primer paso para construir el cambio. \u00a1Ahora a trabajar juntos para transformar la provincia!\u00bb, poste\u00f3.<\/p>\n<p>Por su parte, el candidato que qued\u00f3 en segundo lugar tambi\u00e9n felicit\u00f3 a su rival y desde la cuenta oficial del PRO lo compartieron. \u00abGracias a todos los que nos acompa\u00f1aron hoy y a todo el equipo que trabaj\u00f3 much\u00edsimo estos d\u00edas. Tuvimos una gran elecci\u00f3n y lo importante ahora es ir juntos para el 14 de Mayo. Felicitaciones @MBerhongaray por el resultado, \u00a1ahora para adelante todos juntos!\u00bb.<\/p>\n","protected":false},"excerpt":{"rendered":"<p>La primera PASO de Juntos por el Cambio fue para la UCR luego de superar al PRO en La Pampa &nbsp; &nbsp; El camino hacia las elecciones presidenciales de octubre es extenso y todos los partidos pol\u00edticos comenzaron a moverse para ello. Uno de los m\u00e1s convocantes es Juntos por el Cambio, que ya tiene varios precandidatos anunciados, aunque saben que ir\u00e1n a internas para definir los candidatos firmes. Justamente, en este marco la UCR y el PRO se enfrentaron en La Pampa y ya se conocieron los primeros resultados&#8230;.<\/p>\n","protected":false},"author":3,"featured_media":97621,"comment_status":"closed","ping_status":"closed","sticky":false,"template":"","format":"standard","meta":[],"categories":[18],"tags":[],"_links":{"self":[{"href":"https:\/\/www.actualidadadiario.com\/index.php\/wp-json\/wp\/v2\/posts\/97620"}],"collection":[{"href":"https:\/\/www.actualidadadiario.com\/index.php\/wp-json\/wp\/v2\/posts"}],"about":[{"href":"https:\/\/www.actualidadadiario.com\/index.php\/wp-json\/wp\/v2\/types\/post"}],"author":[{"embeddable":true,"href":"https:\/\/www.actualidadadiario.com\/index.php\/wp-json\/wp\/v2\/users\/3"}],"replies":[{"embeddable":true,"href":"https:\/\/www.actualidadadiario.com\/index.php\/wp-json\/wp\/v2\/comments?post=97620"}],"version-history":[{"count":1,"href":"https:\/\/www.actualidadadiario.com\/index.php\/wp-json\/wp\/v2\/posts\/97620\/revisions"}],"predecessor-version":[{"id":97622,"href":"https:\/\/www.actualidadadiario.com\/index.php\/wp-json\/wp\/v2\/posts\/97620\/revisions\/97622"}],"wp:featuredmedia":[{"embeddable":true,"href":"https:\/\/www.actualidadadiario.com\/index.php\/wp-json\/wp\/v2\/media\/97621"}],"wp:attachment":[{"href":"https:\/\/www.actualidadadiario.com\/index.php\/wp-json\/wp\/v2\/media?parent=97620"}],"wp:term":[{"taxonomy":"category","embeddable":true,"href":"https:\/\/www.actualidadadiario.com\/index.php\/wp-json\/wp\/v2\/categories?post=97620"},{"taxonomy":"post_tag","embeddable":true,"href":"https:\/\/www.actualidadadiario.com\/index.php\/wp-json\/wp\/v2\/tags?post=97620"}],"curies":[{"name":"wp","href":"https:\/\/api.w.org\/{rel}","templated":true}]}}