{"id":97617,"date":"2023-02-13T13:56:46","date_gmt":"2023-02-13T16:56:46","guid":{"rendered":"https:\/\/www.actualidadadiario.com\/?p=97617"},"modified":"2023-02-13T13:56:46","modified_gmt":"2023-02-13T16:56:46","slug":"alberto-fernandez-recorre-el-pais-en-modo-electoral-pese-a-que-no-definio-si-sera-candidato","status":"publish","type":"post","link":"https:\/\/www.actualidadadiario.com\/index.php\/2023\/02\/13\/alberto-fernandez-recorre-el-pais-en-modo-electoral-pese-a-que-no-definio-si-sera-candidato\/","title":{"rendered":"Alberto Fern\u00e1ndez recorre el pa\u00eds en modo electoral pese a que no defini\u00f3 si ser\u00e1 candidato"},"content":{"rendered":"<p style=\"text-align: center;\"><em><strong>En la previa de la mesa nacional del Frente de Todos, el Presidente viajar\u00e1 esta semana a Catamarca y Misiones. Este lunes ten\u00eda previsto ir a Ituzaig\u00f3, pero se suspendi\u00f3 por la lluvia, inform\u00f3 la Casa Rosada<\/strong><\/em><\/p>\n<p>&nbsp;<\/p>\n<p>&nbsp;<\/p>\n<p>&nbsp;<\/p>\n<p>Mientras espera el estreno de la mesa pol\u00edtica, Alberto Fern\u00e1ndez sigue con una agenda en modo electoral concentrada en actos de gesti\u00f3n en el conurbano y el interior del pa\u00eds, aunque sin mencionar si decidi\u00f3 pelear por la reelecci\u00f3n.<\/p>\n<p>El ministro de Econom\u00eda, Sergio Massa, le pidi\u00f3 al Presidente que defina si se presentar\u00e1 como precandidato presidencial. La Casa Rosada alienta un operativo en favor de que Alberto Fern\u00e1ndez compita por un segundo mandato.<\/p>\n<p>A pocos d\u00edas de que se re\u00fanan los dirigentes del Frente de Todos en la sede del PJ, el\u00a0 canciller, Santiago Cafiero, asegur\u00f3 que apoyar\u00e1 la reelecci\u00f3n del Presidente.\u00a0 \u201cMe parece que llev\u00f3 adelante una gesti\u00f3n en un contexto muy adverso y construy\u00f3 los cimientos para el despegue de la Argentina del futuro. El mejor candidato que tiene el peronismo es Alberto Fern\u00e1ndez\u201d,\u00a0 afirm\u00f3 el funcionario.<\/p>\n<p>Sin haber dialogado con el resto de la coalici\u00f3n, el Jefe de Estado define su agenda en funci\u00f3n de los apoyos electorales que necesitar\u00e1. Desde el comienzo del a\u00f1o recorre al menos dos provincias por semana y le suma actividades en el territorio bonaerense.\u00a0 Esta semana ser\u00e1 el turno de la zona norte con Catamarca y Misiones.<\/p>\n<p>El Presidente ser\u00e1 recibido ma\u00f1ana por el gobernador catamarque\u00f1o, Ra\u00fal Jalil, quien adem\u00e1s es presidente del PJ provincial. La actividad oficial ser\u00e1 la inauguraci\u00f3n de un centro de adultos mayores, pero por otro lado invitar\u00e1 personalmente al gobernador al encuentro de la mesa pol\u00edtica del jueves pr\u00f3ximo.<\/p>\n<p>Esta semana tendr\u00e1 un alto impacto pol\u00edtico en el Gobierno porque ma\u00f1ana se conocer\u00e1n los datos de inflaci\u00f3n que no ser\u00e1n positivos y adem\u00e1s se reunir\u00e1 el FDT para definir la estrategia electoral. En el medio habr\u00e1 un cambio en el gabinete con la salida de Juan Manzur y la asunci\u00f3n de Agust\u00edn Rossi en la Jefatura de Gabinete desde el mi\u00e9rcoles cuando tomar\u00e1 juramento a las 16.30 en el Sal\u00f3n Blanco de la Casa Rosada.<\/p>\n<p>Seg\u00fan un comunicado de presidencia, Manzur deber\u00e1 renunciar al cargo constitucional porque no se le permite el uso de licencias. El jefe de gabinete regresar\u00e1 a su provincia para ponerse al frente de la campa\u00f1a electoral que impulsar\u00e1 a Osvaldo Jaldo para la gobernaci\u00f3n de Tucum\u00e1n. Esta ma\u00f1ana el Presidente agradeci\u00f3 a Manzur &#8220;por su compromiso, apoyo pol\u00edtico y personal, que es rec\u00edproco&#8221;.<\/p>\n","protected":false},"excerpt":{"rendered":"<p>En la previa de la mesa nacional del Frente de Todos, el Presidente viajar\u00e1 esta semana a Catamarca y Misiones. Este lunes ten\u00eda previsto ir a Ituzaig\u00f3, pero se suspendi\u00f3 por la lluvia, inform\u00f3 la Casa Rosada &nbsp; &nbsp; &nbsp; Mientras espera el estreno de la mesa pol\u00edtica, Alberto Fern\u00e1ndez sigue con una agenda en modo electoral concentrada en actos de gesti\u00f3n en el conurbano y el interior del pa\u00eds, aunque sin mencionar si decidi\u00f3 pelear por la reelecci\u00f3n. El ministro de Econom\u00eda, Sergio Massa, le pidi\u00f3 al Presidente que&#8230;<\/p>\n","protected":false},"author":3,"featured_media":97618,"comment_status":"closed","ping_status":"closed","sticky":false,"template":"","format":"standard","meta":[],"categories":[9],"tags":[],"_links":{"self":[{"href":"https:\/\/www.actualidadadiario.com\/index.php\/wp-json\/wp\/v2\/posts\/97617"}],"collection":[{"href":"https:\/\/www.actualidadadiario.com\/index.php\/wp-json\/wp\/v2\/posts"}],"about":[{"href":"https:\/\/www.actualidadadiario.com\/index.php\/wp-json\/wp\/v2\/types\/post"}],"author":[{"embeddable":true,"href":"https:\/\/www.actualidadadiario.com\/index.php\/wp-json\/wp\/v2\/users\/3"}],"replies":[{"embeddable":true,"href":"https:\/\/www.actualidadadiario.com\/index.php\/wp-json\/wp\/v2\/comments?post=97617"}],"version-history":[{"count":1,"href":"https:\/\/www.actualidadadiario.com\/index.php\/wp-json\/wp\/v2\/posts\/97617\/revisions"}],"predecessor-version":[{"id":97619,"href":"https:\/\/www.actualidadadiario.com\/index.php\/wp-json\/wp\/v2\/posts\/97617\/revisions\/97619"}],"wp:featuredmedia":[{"embeddable":true,"href":"https:\/\/www.actualidadadiario.com\/index.php\/wp-json\/wp\/v2\/media\/97618"}],"wp:attachment":[{"href":"https:\/\/www.actualidadadiario.com\/index.php\/wp-json\/wp\/v2\/media?parent=97617"}],"wp:term":[{"taxonomy":"category","embeddable":true,"href":"https:\/\/www.actualidadadiario.com\/index.php\/wp-json\/wp\/v2\/categories?post=97617"},{"taxonomy":"post_tag","embeddable":true,"href":"https:\/\/www.actualidadadiario.com\/index.php\/wp-json\/wp\/v2\/tags?post=97617"}],"curies":[{"name":"wp","href":"https:\/\/api.w.org\/{rel}","templated":true}]}}