{"id":97601,"date":"2023-02-13T13:51:33","date_gmt":"2023-02-13T16:51:33","guid":{"rendered":"https:\/\/www.actualidadadiario.com\/?p=97601"},"modified":"2023-02-13T13:51:33","modified_gmt":"2023-02-13T16:51:33","slug":"inflacion-aceleracion-en-enero-y-anuncios-inminentes-para-la-carne","status":"publish","type":"post","link":"https:\/\/www.actualidadadiario.com\/index.php\/2023\/02\/13\/inflacion-aceleracion-en-enero-y-anuncios-inminentes-para-la-carne\/","title":{"rendered":"Inflaci\u00f3n: aceleraci\u00f3n en enero y anuncios inminentes para la carne"},"content":{"rendered":"<p style=\"text-align: center;\"><em><strong>El Indec informar\u00e1 este martes la inflaci\u00f3n de enero, que marcar\u00e1 una aceleraci\u00f3n frente a diciembre. Sergio Massa prepara anuncios para la carne y esperan que Precios Justos ayuden a bajar la inercia desde marzo<\/strong><\/em><\/p>\n<p>&nbsp;<\/p>\n<p>&nbsp;<\/p>\n<p>&nbsp;<\/p>\n<p>El Indec informar\u00e1 este martes la inflaci\u00f3n de enero que las consultoras anticiparon por encima del 5,5%, algo que implica una aceleraci\u00f3n frente a diciembre. Los aumentos de la carne vacuna comenzaron a verse reflejado en mostradores durante el mes pasado pero pegar\u00e1n de lleno en febrero, por lo que el Ministerio de Econom\u00eda lanzar\u00e1 medidas de incentivo al consumo y a la oferta local. En el equipo econ\u00f3mico esperan que Precios Justos ayude a una baja en la inercia &#8220;sobre todo a partir de marzo&#8221;.<\/p>\n<p>La consultora Econviews estim\u00f3 que luego del 4,9% de noviembre y el 5,1% de diciembre, el IPC del primer mes del a\u00f1o cerr\u00f3 en 5,6% mensual. &#8220;Febrero y marzo tendr\u00e1n como m\u00ednimo ese n\u00famero con alta probabilidad de que al menos en uno de esos la variaci\u00f3n empiece con 6&#8221;, detallaron.<\/p>\n<p>Por su parte, Ecolatina espera un valor de 5,5% debido a la din\u00e1mica de los alimentos y los servicios regulados, Eco Go proyect\u00f3 5,7%, mientras que C&amp;T la ubic\u00f3 en 6,4%, y la Fundaci\u00f3n Libertad y Progreso en 6,3%. El dato que dej\u00f3 la medici\u00f3n de la Ciudad de Buenos Aires, del 7,3% marc\u00f3 la pauta de una inercia que volvi\u00f3 a tomar impulso.<\/p>\n<p>En ese marco, los aumentos en el precio de la hacienda comenzaron a trasladarse en los mostradores desde mediados de enero pero el sector espera que este mes se vea el impacto de los cortes vacunos en el IPC debido al peso que tienen estos en el indicador. Eso sumado a los otros alimentos frescos complican el objetivo que persigue Econom\u00eda de mostrar una desaceleraci\u00f3n sostenida. LCG indic\u00f3 que en la primera semana de febrero las frutas saltaron 4,1% y las carnes 3,6% liderando el \u00edndice que releva semanalmente la consultora en supermercados, que marc\u00f3 6% promedio en el \u00faltimo mes.<\/p>\n<p>El ministro de Econom\u00eda, Sergio Massa, anunciar\u00e1 lo antes posible medidas para mitigar el golpe que implicar\u00e1 al poder adquisitivo los incrementos en un producto tan representativo en la mesa de los argentinos. Por eso se aceleraron las conversaciones de la Secretar\u00eda de Agricultura, la de Comercio y Afip con la cadena c\u00e1rnica, para poner en marcha un paquete de alivios fiscales para incentivar el consumo y la oferta del mercado local.<\/p>\n<p>Fuentes oficiales y del sector exportador comentaron a BAE Negocios que terminar\u00e1n de negociar en las pr\u00f3ximas horas la posibilidad de volcar un mayor volumen en el mercado local, para fomentar la formalizaci\u00f3n de la comercializaci\u00f3n. S\u00ed est\u00e1 definido que se aplicar\u00e1 un descuento del 10%, con tope de $1.000 por compra pero sin l\u00edmite de operaciones, para los consumos con tarjetas de d\u00e9bito en carnicer\u00edas a quienes se les otorgar\u00e1 beneficios impositivos.<\/p>\n<p>Por otro lado, el equipo econ\u00f3mico busca una baja de la inflaci\u00f3n a partir de los acuerdos con el sector privado y se\u00f1ales de orden fiscal. El objetivo principal es generar una mejora real de los salarios, sobre todo en un a\u00f1o electoral y luego de que el \u00faltimo dato del Indec de este viernes reflejara una nueva ca\u00edda en 2022.<\/p>\n<p>El secretario de Programaci\u00f3n Econ\u00f3mica, Gabriel Rubinstein, public\u00f3 una columna de opini\u00f3n en Infobae en la que estim\u00f3 que la inercia inflacionaria est\u00e1 por encima de los fundamentos macroecon\u00f3micos, es decir, del financiamiento directo e indirecto del fisco con emisi\u00f3n monetaria. De hecho, sostuvo que el 60% anual que marca el Presupuesto 2023 &#8220;deber\u00eda ser m\u00e1s bien un techo&#8221; y que los acuerdos acompa\u00f1an el ordenamiento de las cuentas.<\/p>\n<p>&#8220;La ampliaci\u00f3n de Precios Justos de 30.000 a 50.000 productos, varios sectores m\u00e1s incluidos, mejores herramientas de monitoreo, un sendero mensual m\u00e1s bajo (de 4% a 3,2%), esperamos permitan mejores resultados globales, especialmente desde marzo&#8221;, concluy\u00f3 Rubinstein.<\/p>\n","protected":false},"excerpt":{"rendered":"<p>El Indec informar\u00e1 este martes la inflaci\u00f3n de enero, que marcar\u00e1 una aceleraci\u00f3n frente a diciembre. Sergio Massa prepara anuncios para la carne y esperan que Precios Justos ayuden a bajar la inercia desde marzo &nbsp; &nbsp; &nbsp; El Indec informar\u00e1 este martes la inflaci\u00f3n de enero que las consultoras anticiparon por encima del 5,5%, algo que implica una aceleraci\u00f3n frente a diciembre. Los aumentos de la carne vacuna comenzaron a verse reflejado en mostradores durante el mes pasado pero pegar\u00e1n de lleno en febrero, por lo que el Ministerio&#8230;<\/p>\n","protected":false},"author":3,"featured_media":94813,"comment_status":"closed","ping_status":"closed","sticky":false,"template":"","format":"standard","meta":[],"categories":[2],"tags":[],"_links":{"self":[{"href":"https:\/\/www.actualidadadiario.com\/index.php\/wp-json\/wp\/v2\/posts\/97601"}],"collection":[{"href":"https:\/\/www.actualidadadiario.com\/index.php\/wp-json\/wp\/v2\/posts"}],"about":[{"href":"https:\/\/www.actualidadadiario.com\/index.php\/wp-json\/wp\/v2\/types\/post"}],"author":[{"embeddable":true,"href":"https:\/\/www.actualidadadiario.com\/index.php\/wp-json\/wp\/v2\/users\/3"}],"replies":[{"embeddable":true,"href":"https:\/\/www.actualidadadiario.com\/index.php\/wp-json\/wp\/v2\/comments?post=97601"}],"version-history":[{"count":1,"href":"https:\/\/www.actualidadadiario.com\/index.php\/wp-json\/wp\/v2\/posts\/97601\/revisions"}],"predecessor-version":[{"id":97602,"href":"https:\/\/www.actualidadadiario.com\/index.php\/wp-json\/wp\/v2\/posts\/97601\/revisions\/97602"}],"wp:featuredmedia":[{"embeddable":true,"href":"https:\/\/www.actualidadadiario.com\/index.php\/wp-json\/wp\/v2\/media\/94813"}],"wp:attachment":[{"href":"https:\/\/www.actualidadadiario.com\/index.php\/wp-json\/wp\/v2\/media?parent=97601"}],"wp:term":[{"taxonomy":"category","embeddable":true,"href":"https:\/\/www.actualidadadiario.com\/index.php\/wp-json\/wp\/v2\/categories?post=97601"},{"taxonomy":"post_tag","embeddable":true,"href":"https:\/\/www.actualidadadiario.com\/index.php\/wp-json\/wp\/v2\/tags?post=97601"}],"curies":[{"name":"wp","href":"https:\/\/api.w.org\/{rel}","templated":true}]}}