{"id":97598,"date":"2023-02-13T13:50:50","date_gmt":"2023-02-13T16:50:50","guid":{"rendered":"https:\/\/www.actualidadadiario.com\/?p=97598"},"modified":"2023-02-13T13:50:50","modified_gmt":"2023-02-13T16:50:50","slug":"el-incendio-en-un-portal-de-los-esteros-del-ibera-lleva-mas-de-50-dias-y-arraso-con-5-mil-hectareas","status":"publish","type":"post","link":"https:\/\/www.actualidadadiario.com\/index.php\/2023\/02\/13\/el-incendio-en-un-portal-de-los-esteros-del-ibera-lleva-mas-de-50-dias-y-arraso-con-5-mil-hectareas\/","title":{"rendered":"El incendio en un portal de los Esteros del Iber\u00e1 lleva m\u00e1s de 50 d\u00edas y arras\u00f3 con 5 mil hect\u00e1reas"},"content":{"rendered":"<p style=\"text-align: center;\"><em><strong>El incendio en el Portal Carambola de los Esteros del Iber\u00e1 en la provincia de Corrientes contin\u00faa activo desde hace 55 d\u00edas y arras\u00f3 con cinco mil hect\u00e1reas, panorama que se agrava por la extensa sequ\u00eda y altas temperaturas, detallaron fuentes de la Direcci\u00f3n de Defensa Civil<\/strong><\/em><\/p>\n<p>&nbsp;<\/p>\n<p>&nbsp;<\/p>\n<p>El subdirector de Defensa Civil de Corrientes, Bruno Lovinson, dijo hoy que es el \u00fanico foco \u00edgneo activo, tras su inicio a mediados de diciembre en cercan\u00edas de la localidad de Concepci\u00f3n del Yaguaret\u00e9 Cor\u00e1, y que resulta \u00abmuy dif\u00edcil de sofocar porque est\u00e1 en medio de esteros y ba\u00f1ados\u00bb.<\/p>\n<p>En este sentido, sobre las llamas que se extienden en la zona de reserva, explic\u00f3 que \u00abresulta muy dif\u00edcil, imposible el ingreso de maquinarias y hombres en esa zona para extinguir el fuego\u00bb.<\/p>\n<p>\u00abNecesitamos una lluvia, precipitaciones de por lo menos 200 mil\u00edmetros para apagar ese incendio\u00bb, consider\u00f3 Lovinson.<\/p>\n<p>En tanto, agreg\u00f3 que la situaci\u00f3n se agrava \u00abpor la sequ\u00eda y porque estamos atravesados por esta ola de calor\u00bb, en referencia a las altas temperaturas que se registran en Corrientes y que superan diariamente los 35 grados cent\u00edgrados.<\/p>\n<p>Sin embargo, el funcionario provincial remarc\u00f3 que \u00ablo importante es que la situaci\u00f3n est\u00e1 controlada\u00bb y que el pron\u00f3stico anuncia algunas lluvias para ma\u00f1ana.<\/p>\n<p>Al respecto, el Servicio Meteorol\u00f3gico Nacional pronostica tormentas fuertes para el martes a la tarde y alerta amarilla para la provincia de Corrientes.<\/p>\n<p>Por otra parte, la Direcci\u00f3n de Recursos Forestales de la provincia inform\u00f3 son ocho los departamentos en emergencia extrema por fuego: Paso de los Libres, Corrientes, Monte Caseros, Mercedes, Gobernador Virasoro, Esquina, Bella Vista, mientras que en La Cruz y San Miguel y Chavarr\u00eda el peligro \u00abes muy alto\u00bb.<\/p>\n<p>Finalmente, el subdirector de Defensa Civil se\u00f1al\u00f3 se cuenta con \u00abrecursos humanos y equipamiento suficientes\u00bb para enfrentar los incendios rurales que se registran en la provincia y reiter\u00f3 que \u00abla situaci\u00f3n est\u00e1 controlada\u00bb.<\/p>\n","protected":false},"excerpt":{"rendered":"<p>El incendio en el Portal Carambola de los Esteros del Iber\u00e1 en la provincia de Corrientes contin\u00faa activo desde hace 55 d\u00edas y arras\u00f3 con cinco mil hect\u00e1reas, panorama que se agrava por la extensa sequ\u00eda y altas temperaturas, detallaron fuentes de la Direcci\u00f3n de Defensa Civil &nbsp; &nbsp; El subdirector de Defensa Civil de Corrientes, Bruno Lovinson, dijo hoy que es el \u00fanico foco \u00edgneo activo, tras su inicio a mediados de diciembre en cercan\u00edas de la localidad de Concepci\u00f3n del Yaguaret\u00e9 Cor\u00e1, y que resulta \u00abmuy dif\u00edcil de&#8230;<\/p>\n","protected":false},"author":3,"featured_media":97599,"comment_status":"closed","ping_status":"closed","sticky":false,"template":"","format":"standard","meta":[],"categories":[9],"tags":[],"_links":{"self":[{"href":"https:\/\/www.actualidadadiario.com\/index.php\/wp-json\/wp\/v2\/posts\/97598"}],"collection":[{"href":"https:\/\/www.actualidadadiario.com\/index.php\/wp-json\/wp\/v2\/posts"}],"about":[{"href":"https:\/\/www.actualidadadiario.com\/index.php\/wp-json\/wp\/v2\/types\/post"}],"author":[{"embeddable":true,"href":"https:\/\/www.actualidadadiario.com\/index.php\/wp-json\/wp\/v2\/users\/3"}],"replies":[{"embeddable":true,"href":"https:\/\/www.actualidadadiario.com\/index.php\/wp-json\/wp\/v2\/comments?post=97598"}],"version-history":[{"count":1,"href":"https:\/\/www.actualidadadiario.com\/index.php\/wp-json\/wp\/v2\/posts\/97598\/revisions"}],"predecessor-version":[{"id":97600,"href":"https:\/\/www.actualidadadiario.com\/index.php\/wp-json\/wp\/v2\/posts\/97598\/revisions\/97600"}],"wp:featuredmedia":[{"embeddable":true,"href":"https:\/\/www.actualidadadiario.com\/index.php\/wp-json\/wp\/v2\/media\/97599"}],"wp:attachment":[{"href":"https:\/\/www.actualidadadiario.com\/index.php\/wp-json\/wp\/v2\/media?parent=97598"}],"wp:term":[{"taxonomy":"category","embeddable":true,"href":"https:\/\/www.actualidadadiario.com\/index.php\/wp-json\/wp\/v2\/categories?post=97598"},{"taxonomy":"post_tag","embeddable":true,"href":"https:\/\/www.actualidadadiario.com\/index.php\/wp-json\/wp\/v2\/tags?post=97598"}],"curies":[{"name":"wp","href":"https:\/\/api.w.org\/{rel}","templated":true}]}}