{"id":97596,"date":"2023-02-10T14:22:51","date_gmt":"2023-02-10T17:22:51","guid":{"rendered":"https:\/\/www.actualidadadiario.com\/?p=97596"},"modified":"2023-02-10T14:22:51","modified_gmt":"2023-02-10T17:22:51","slug":"chile-suma-329-incendios-forestales-y-recibe-ayuda-de-la-union-europea","status":"publish","type":"post","link":"https:\/\/www.actualidadadiario.com\/index.php\/2023\/02\/10\/chile-suma-329-incendios-forestales-y-recibe-ayuda-de-la-union-europea\/","title":{"rendered":"Chile suma 329 incendios forestales y recibe ayuda de la Uni\u00f3n Europea"},"content":{"rendered":"<p style=\"text-align: center;\"><em><strong>Las autoridades informaron que 95 focos se encuentran activos y 176 controlados, mientras 366.951 hect\u00e1reas fueron consumidas por las llamas. La Uni\u00f3n Europea anunci\u00f3 el env\u00edo de 250 bomberos, m\u00e9dicos y especialistas en emergencias<\/strong><\/em><\/p>\n<p>&nbsp;<\/p>\n<p>&nbsp;<\/p>\n<p>Chile registra un total de 329 incendios forestales en zonas del centro sur del pa\u00eds, de los cuales 95 se encuentran activos y 176 controlados, mientras 366.951 hect\u00e1reas fueron consumidas por las llamas, inform\u00f3 el Servicio de Prevenci\u00f3n y Respuesta ante Desastres (Senapred).<\/p>\n<p>La Uni\u00f3n Europea (UE) anunci\u00f3 el env\u00edo de 250 bomberos, m\u00e9dicos y especialistas en emergencias a Chile, que se sumar\u00e1n a las tareas de combate a los incendios.<\/p>\n<p>Para controlar la situaci\u00f3n, trabajan 138 brigadas de La Corporaci\u00f3n Nacional Forestal (Conaf), seis brigadas de las Fuerzas Armadas, 182 brigadas de empresas forestales y 44 brigadas nocturnas. Tambi\u00e9n hay 2.212 bomberos locales, a los cuales se sumaron 1.891 efectivos de otras localidades.<\/p>\n<p>En el combate al fuego por aire se desplegaron 51 aeronaves de la Conaf, 14 de Senapred, 10 del Estado Mayor y 38 de empresas forestales.<\/p>\n<p>En tanto, en la segunda l\u00ednea del combate trabajan 2.070 efectivos del Estado Mayor Conjunto de las Fuerzas Armadas de Chile (EMCO), 696 efectivos de Carabineros, 474 de la Polic\u00eda de Investigaciones (PDI) y 144 efectivos del Ministerio de Obras P\u00fablicas (MOP).<\/p>\n<p>&nbsp;<\/p>\n<p><strong>Medidas de apoyo <\/strong><\/p>\n<p>Por los incendios ya rige un toque de queda en 28 comunas repartidas en las regiones de Biob\u00edo, La Araucan\u00eda y \u00d1uble -las m\u00e1s afectadas por los incendios-, entre la medianoche y las 5 de la ma\u00f1ana.<\/p>\n<p>La ministra vocera de Gobierno, Camila Vallejo, anunci\u00f3 13 medidas de apoyo para las familias damnificadas por los incendios forestales, entre ellas un bono de entre 750.000 y 1.500.000 pesos chilenos (entre 940 y 1.880 d\u00f3lares) que se dar\u00e1 a partir del lunes seg\u00fan el grado de afectaci\u00f3n de la familia y la entrega de viviendas transitorias.<\/p>\n<p>&#8220;No son las viviendas definitivas, son transitorias, que se van a ir entregando en la medida que los terrenos y espacios est\u00e9n habilitados para ello&#8221;, detall\u00f3 Vallejo.<\/p>\n<p>Con respecto a la ayuda de la UE, una nota del Servicio Europeo de Acci\u00f3n Exterior (responsable por la diplomacia del bloque), apunt\u00f3 que se trata de expertos de Portugal, Espa\u00f1a y Francia en respuesta a un pedido chileno de asistencia.<\/p>\n<p>El jefe de la diplomacia de la UE, Josep Borrell, dijo en un comunicado que &#8220;la solidaridad europea no tiene l\u00edmites. Estamos junto a Chile en este momento de enormes necesidades y estamos orgullosos de los esfuerzos de respuesta&#8221; a los incendios, seg\u00fan consign\u00f3 la agencia de noticias AFP.<\/p>\n<p>&nbsp;<\/p>\n<p><strong>Veinticuatro muertos y m\u00e1s de 2000 heridos <\/strong><\/p>\n<p>Seg\u00fan el balance oficial hasta el momento 24 personas fallecieron, otras 2.196 recibieron atenci\u00f3n m\u00e9dica y 344 tuvieron que ser trasladadas a albergues debido a los incendios forestales en Chile.<\/p>\n<p>De acuerdo al relevamiento del gobierno el total de damnificados asciende a 5.577 y hay 1.206 viviendas destruidas.<\/p>\n<p>Seg\u00fan el Servicio de Prevenci\u00f3n y Respuesta ante Desastres, 25 personas fueron detenidas por posible vinculaci\u00f3n con el origen de los incendios forestales.<\/p>\n","protected":false},"excerpt":{"rendered":"<p>Las autoridades informaron que 95 focos se encuentran activos y 176 controlados, mientras 366.951 hect\u00e1reas fueron consumidas por las llamas. La Uni\u00f3n Europea anunci\u00f3 el env\u00edo de 250 bomberos, m\u00e9dicos y especialistas en emergencias &nbsp; &nbsp; Chile registra un total de 329 incendios forestales en zonas del centro sur del pa\u00eds, de los cuales 95 se encuentran activos y 176 controlados, mientras 366.951 hect\u00e1reas fueron consumidas por las llamas, inform\u00f3 el Servicio de Prevenci\u00f3n y Respuesta ante Desastres (Senapred). La Uni\u00f3n Europea (UE) anunci\u00f3 el env\u00edo de 250 bomberos, m\u00e9dicos&#8230;<\/p>\n","protected":false},"author":3,"featured_media":97449,"comment_status":"closed","ping_status":"closed","sticky":false,"template":"","format":"standard","meta":[],"categories":[4],"tags":[],"_links":{"self":[{"href":"https:\/\/www.actualidadadiario.com\/index.php\/wp-json\/wp\/v2\/posts\/97596"}],"collection":[{"href":"https:\/\/www.actualidadadiario.com\/index.php\/wp-json\/wp\/v2\/posts"}],"about":[{"href":"https:\/\/www.actualidadadiario.com\/index.php\/wp-json\/wp\/v2\/types\/post"}],"author":[{"embeddable":true,"href":"https:\/\/www.actualidadadiario.com\/index.php\/wp-json\/wp\/v2\/users\/3"}],"replies":[{"embeddable":true,"href":"https:\/\/www.actualidadadiario.com\/index.php\/wp-json\/wp\/v2\/comments?post=97596"}],"version-history":[{"count":1,"href":"https:\/\/www.actualidadadiario.com\/index.php\/wp-json\/wp\/v2\/posts\/97596\/revisions"}],"predecessor-version":[{"id":97597,"href":"https:\/\/www.actualidadadiario.com\/index.php\/wp-json\/wp\/v2\/posts\/97596\/revisions\/97597"}],"wp:featuredmedia":[{"embeddable":true,"href":"https:\/\/www.actualidadadiario.com\/index.php\/wp-json\/wp\/v2\/media\/97449"}],"wp:attachment":[{"href":"https:\/\/www.actualidadadiario.com\/index.php\/wp-json\/wp\/v2\/media?parent=97596"}],"wp:term":[{"taxonomy":"category","embeddable":true,"href":"https:\/\/www.actualidadadiario.com\/index.php\/wp-json\/wp\/v2\/categories?post=97596"},{"taxonomy":"post_tag","embeddable":true,"href":"https:\/\/www.actualidadadiario.com\/index.php\/wp-json\/wp\/v2\/tags?post=97596"}],"curies":[{"name":"wp","href":"https:\/\/api.w.org\/{rel}","templated":true}]}}