{"id":97578,"date":"2023-02-10T14:18:48","date_gmt":"2023-02-10T17:18:48","guid":{"rendered":"https:\/\/www.actualidadadiario.com\/?p=97578"},"modified":"2023-02-10T14:18:48","modified_gmt":"2023-02-10T17:18:48","slug":"el-martes-el-gobierno-provincial-y-los-gremios-estatales-se-reuniran-para-negociar-salarios","status":"publish","type":"post","link":"https:\/\/www.actualidadadiario.com\/index.php\/2023\/02\/10\/el-martes-el-gobierno-provincial-y-los-gremios-estatales-se-reuniran-para-negociar-salarios\/","title":{"rendered":"El martes, el Gobierno provincial y los gremios estatales se reunir\u00e1n para negociar salarios"},"content":{"rendered":"<p style=\"text-align: center;\"><em><strong>La Secretar\u00eda de Trabajo de Entre R\u00edos convoc\u00f3 para el martes a las 12 a una reuni\u00f3n entre el Gobierno provincial y los sindicatos que representan a los trabajadores estatales, informaron UPCN. El encuentro se dar\u00e1 tras el inicio de la paritaria docente<\/strong><\/em><\/p>\n<p>&nbsp;<\/p>\n<p>&nbsp;<\/p>\n<p>El encuentro tiene como fin \u201cconstituir un \u00e1mbito de negociaci\u00f3n salarial entre el Poder Ejecutivo y los sindicatos\u201d.<\/p>\n<p>Se llevar\u00e1 a cabo el martes 14 de febrero a las 12 en el Sal\u00f3n de los Gobernadores, en la Casa de Gobierno.<\/p>\n<p>Ese mismo d\u00eda tendr\u00e1 lugar la continuidad de la paritaria docente, que d\u00edas atr\u00e1s tuvo su primera instancia.<\/p>\n","protected":false},"excerpt":{"rendered":"<p>La Secretar\u00eda de Trabajo de Entre R\u00edos convoc\u00f3 para el martes a las 12 a una reuni\u00f3n entre el Gobierno provincial y los sindicatos que representan a los trabajadores estatales, informaron UPCN. El encuentro se dar\u00e1 tras el inicio de la paritaria docente &nbsp; &nbsp; El encuentro tiene como fin \u201cconstituir un \u00e1mbito de negociaci\u00f3n salarial entre el Poder Ejecutivo y los sindicatos\u201d. Se llevar\u00e1 a cabo el martes 14 de febrero a las 12 en el Sal\u00f3n de los Gobernadores, en la Casa de Gobierno. Ese mismo d\u00eda tendr\u00e1&#8230;<\/p>\n","protected":false},"author":3,"featured_media":97579,"comment_status":"closed","ping_status":"closed","sticky":false,"template":"","format":"standard","meta":[],"categories":[15],"tags":[],"_links":{"self":[{"href":"https:\/\/www.actualidadadiario.com\/index.php\/wp-json\/wp\/v2\/posts\/97578"}],"collection":[{"href":"https:\/\/www.actualidadadiario.com\/index.php\/wp-json\/wp\/v2\/posts"}],"about":[{"href":"https:\/\/www.actualidadadiario.com\/index.php\/wp-json\/wp\/v2\/types\/post"}],"author":[{"embeddable":true,"href":"https:\/\/www.actualidadadiario.com\/index.php\/wp-json\/wp\/v2\/users\/3"}],"replies":[{"embeddable":true,"href":"https:\/\/www.actualidadadiario.com\/index.php\/wp-json\/wp\/v2\/comments?post=97578"}],"version-history":[{"count":1,"href":"https:\/\/www.actualidadadiario.com\/index.php\/wp-json\/wp\/v2\/posts\/97578\/revisions"}],"predecessor-version":[{"id":97580,"href":"https:\/\/www.actualidadadiario.com\/index.php\/wp-json\/wp\/v2\/posts\/97578\/revisions\/97580"}],"wp:featuredmedia":[{"embeddable":true,"href":"https:\/\/www.actualidadadiario.com\/index.php\/wp-json\/wp\/v2\/media\/97579"}],"wp:attachment":[{"href":"https:\/\/www.actualidadadiario.com\/index.php\/wp-json\/wp\/v2\/media?parent=97578"}],"wp:term":[{"taxonomy":"category","embeddable":true,"href":"https:\/\/www.actualidadadiario.com\/index.php\/wp-json\/wp\/v2\/categories?post=97578"},{"taxonomy":"post_tag","embeddable":true,"href":"https:\/\/www.actualidadadiario.com\/index.php\/wp-json\/wp\/v2\/tags?post=97578"}],"curies":[{"name":"wp","href":"https:\/\/api.w.org\/{rel}","templated":true}]}}