{"id":97576,"date":"2023-02-10T14:18:08","date_gmt":"2023-02-10T17:18:08","guid":{"rendered":"https:\/\/www.actualidadadiario.com\/?p=97576"},"modified":"2023-02-10T14:18:08","modified_gmt":"2023-02-10T17:18:08","slug":"pronostican-fin-de-semana-sofocante-con-alerta-por-calor-extremo-para-entre-rios","status":"publish","type":"post","link":"https:\/\/www.actualidadadiario.com\/index.php\/2023\/02\/10\/pronostican-fin-de-semana-sofocante-con-alerta-por-calor-extremo-para-entre-rios\/","title":{"rendered":"Pronostican fin de semana sofocante con alerta por calor extremo para Entre R\u00edos"},"content":{"rendered":"<p style=\"text-align: center;\"><em><strong>El Servicio Meteorol\u00f3gico Nacional advierte que ser\u00e1 un fin de semana con temperaturas superiores a 37 grados. Hay alerta por calor extremo para Entre R\u00edos y gran parte del pa\u00eds. Anticipan que se aproxima un frente de lluvias en la zona<\/strong><\/em><\/p>\n<p>&nbsp;<\/p>\n<p>&nbsp;<\/p>\n<p>Los meteor\u00f3logos se refirieron a los d\u00edas de calor intenso que se vive en la regi\u00f3n central del pa\u00eds. Al respecto, explican que \u201cla persistencia del viento del sector norte, combinado con la escasa nubosidad, han generado un importante incremento de las marcas t\u00e9rmicas desde el comienzo del mes de febrero\u201d, sostuvo el experto Leonardo De Benedictis.<\/p>\n<p>\u201cEsta situaci\u00f3n se ha potenciado notablemente con el transcurso de los d\u00edas y se espera que siga aumentando\u201d, afirm\u00f3.<\/p>\n<p>&nbsp;<\/p>\n<p><strong>Calor agobiante<\/strong><\/p>\n<p>En la capital de Entre R\u00edos y alrededores, el Servicio Meteorol\u00f3gico Nacional (SMN) pronostica que se aproxima un fin de semana con temperaturas superiores a 37 grados. Ser\u00e1 una hilera de tardes con un calor espantoso, donde puede llegar a ser m\u00e1s molesta la alta temperatura nocturna, que las estridencias t\u00e9rmicas vespertinas.<\/p>\n<p>\u201cLos valores t\u00e9rmicos como de sensaci\u00f3n ser\u00edan muy significativos\u201d, coincide el Departamento de Meteorolog\u00eda de la Direcci\u00f3n Provincial de Defensa Civil.<\/p>\n<p>&nbsp;<\/p>\n<p><strong>Viernes y s\u00e1bado<\/strong><\/p>\n<p>El viernes se presentar\u00e1 con vientos d\u00e9biles a regulares del Noreste y Norte. Poco nuboso a despejado. Muy caluroso con muy alta sensaci\u00f3n t\u00e9rmica por la tarde. La temperatura m\u00e1xima, nuevamente podr\u00eda ascender hasta los sofocantes 39 grados. Ser\u00e1 un nuevo d\u00eda agobiante, con probabilidad y riesgo de golpe de calor.<\/p>\n<p>Luego, hacia la noche nubosidad en incremento parcial. Temperatura m\u00ednima en leve ascenso y m\u00e1xima en poco cambio.<\/p>\n<p>En tanto, el s\u00e1bado tendr\u00e1 una m\u00e1xima de 38 grados en la capital entrerriana y alrededores. Los vientos ser\u00e1n d\u00e9biles a regulares del Noreste y Norte y habr\u00e1 cielo parcialmente nublado.<\/p>\n<p>&nbsp;<\/p>\n<p><strong>Desmejoramiento<\/strong><\/p>\n<p>Hacia el domingo, la m\u00ednima ser\u00e1 de 26 grados y la m\u00e1xima, nuevamente tendr\u00e1 unos sofocantes 37 grados. Sin embargo, el domingo tendr\u00eda una probabilidad m\u00e1s concreta de lluvias aisladas hacia la noche, en una jornada con m\u00e1s nubosidad y viento del noroeste a partir del mediod\u00eda.<\/p>\n<p>Seg\u00fan adelant\u00f3 el Departamento de Meteorolog\u00eda de la Direcci\u00f3n Provincial de Defensa Civil, se estima un nuevo desmejoramiento de las condiciones sin\u00f3pticas a partir del pr\u00f3ximo fin de semana, en especial, desde la noche del domingo y el transcurso del lunes, se confirm\u00f3 a este medio.<\/p>\n<p>&nbsp;<\/p>\n<p><strong>Alerta por calor extremo<\/strong><\/p>\n<p>El Servicio Meteorol\u00f3gico Nacional mantiene una advertencia de nivel amarillo, por calor extremo, para localidades de 14 provincias de la regi\u00f3n central del pa\u00eds, que en algunos casos alcanzar\u00e1n los 41 grados.<\/p>\n<p>Entre los distritos incluidos en la alerta amarilla por temperaturas extremas, est\u00e1n todos los departamentos de la provincia de Entre R\u00edos.<\/p>\n<p>Un evento de temperaturas extremas es un per\u00edodo en el que se espera que se registren valores de temperatura m\u00e1xima y m\u00ednima que pueden poner en peligro la salud de las personas.<\/p>\n<p>Por otra parte, rigen alertas rojas por temperaturas extremas por calor para el este de Mendoza, con m\u00e1ximas que se ubicar\u00e1n en torno a los 38 grados a lo largo de la jornada, mientras que rigen alertas naranjas para el resto de ese distrito, gran parte de la provincia y ciudad de Buenos Aires y el oeste de Neuqu\u00e9n.<\/p>\n","protected":false},"excerpt":{"rendered":"<p>El Servicio Meteorol\u00f3gico Nacional advierte que ser\u00e1 un fin de semana con temperaturas superiores a 37 grados. Hay alerta por calor extremo para Entre R\u00edos y gran parte del pa\u00eds. Anticipan que se aproxima un frente de lluvias en la zona &nbsp; &nbsp; Los meteor\u00f3logos se refirieron a los d\u00edas de calor intenso que se vive en la regi\u00f3n central del pa\u00eds. Al respecto, explican que \u201cla persistencia del viento del sector norte, combinado con la escasa nubosidad, han generado un importante incremento de las marcas t\u00e9rmicas desde el comienzo&#8230;<\/p>\n","protected":false},"author":3,"featured_media":81386,"comment_status":"closed","ping_status":"closed","sticky":false,"template":"","format":"standard","meta":[],"categories":[15],"tags":[],"_links":{"self":[{"href":"https:\/\/www.actualidadadiario.com\/index.php\/wp-json\/wp\/v2\/posts\/97576"}],"collection":[{"href":"https:\/\/www.actualidadadiario.com\/index.php\/wp-json\/wp\/v2\/posts"}],"about":[{"href":"https:\/\/www.actualidadadiario.com\/index.php\/wp-json\/wp\/v2\/types\/post"}],"author":[{"embeddable":true,"href":"https:\/\/www.actualidadadiario.com\/index.php\/wp-json\/wp\/v2\/users\/3"}],"replies":[{"embeddable":true,"href":"https:\/\/www.actualidadadiario.com\/index.php\/wp-json\/wp\/v2\/comments?post=97576"}],"version-history":[{"count":1,"href":"https:\/\/www.actualidadadiario.com\/index.php\/wp-json\/wp\/v2\/posts\/97576\/revisions"}],"predecessor-version":[{"id":97577,"href":"https:\/\/www.actualidadadiario.com\/index.php\/wp-json\/wp\/v2\/posts\/97576\/revisions\/97577"}],"wp:featuredmedia":[{"embeddable":true,"href":"https:\/\/www.actualidadadiario.com\/index.php\/wp-json\/wp\/v2\/media\/81386"}],"wp:attachment":[{"href":"https:\/\/www.actualidadadiario.com\/index.php\/wp-json\/wp\/v2\/media?parent=97576"}],"wp:term":[{"taxonomy":"category","embeddable":true,"href":"https:\/\/www.actualidadadiario.com\/index.php\/wp-json\/wp\/v2\/categories?post=97576"},{"taxonomy":"post_tag","embeddable":true,"href":"https:\/\/www.actualidadadiario.com\/index.php\/wp-json\/wp\/v2\/tags?post=97576"}],"curies":[{"name":"wp","href":"https:\/\/api.w.org\/{rel}","templated":true}]}}