{"id":97569,"date":"2023-02-10T14:15:58","date_gmt":"2023-02-10T17:15:58","guid":{"rendered":"https:\/\/www.actualidadadiario.com\/?p=97569"},"modified":"2023-02-10T14:15:58","modified_gmt":"2023-02-10T17:15:58","slug":"realizan-vuelos-vigia-sobre-la-zona-inferior-del-delta","status":"publish","type":"post","link":"https:\/\/www.actualidadadiario.com\/index.php\/2023\/02\/10\/realizan-vuelos-vigia-sobre-la-zona-inferior-del-delta\/","title":{"rendered":"Realizan vuelos vig\u00eda sobre la zona inferior del Delta"},"content":{"rendered":"<p style=\"text-align: center;\"><em><strong>El vuelo se program\u00f3 debido a un alerta recibido desde Ceibas por un posible foco \u00edgneo sobre la margen del r\u00edo Uruguay. Sobre el borde costero del Paran\u00e1 no se registraron incendios.\u00a0 El foco en la zona rural de Federal fue controlado y se contin\u00faa el trabajo en el lugar de forma preventiva<\/strong><\/em><\/p>\n<p>&nbsp;<\/p>\n<p>&nbsp;<\/p>\n<p>Ante un reporte de autoridades ubicadas en Ceibas, la Brigada de Respuesta Ambiental de Entre R\u00edos iniciar\u00e1 este viernes un vuelo vig\u00eda en la regi\u00f3n inferior del Delta hasta una zona ubicada al oeste de \u00d1ancay, sobre la margen del r\u00edo Uruguay. El equipo partir\u00e1 desde Pueblo Esther (Santa Fe) para evaluar la situaci\u00f3n y definir si es necesario realizar alguna intervenci\u00f3n.<\/p>\n<p>Este jueves el personal de Protecci\u00f3n Civil y Gesti\u00f3n de Riesgos y la Brigada de Atenci\u00f3n y Prevenci\u00f3n de Emergencias de la provincia de Santa Fe, mantuvo la guardia activa en el comando ubicado en Alvear (Santa Fe), ya que no se registraron posibles focos \u00edgneos en ciudades del borde costero del r\u00edo Paran\u00e1 en la zona del Delta.<\/p>\n<p>Cabe recordar que, se realiza de forma constante monitoreo satelital y visual costero sobre toda la regi\u00f3n del Delta.<\/p>\n<p>Defensa Civil inform\u00f3\u00a0 a su vez que se logr\u00f3 controlar la situaci\u00f3n en la estancia Gonano, ubicada en la zona rural de Federal, gracias al trabajo conjunto realizado en los \u00faltimos d\u00edas entre organismos e instituciones provinciales y locales. Por tanto, se retir\u00f3 el personal que se encontraba trabajando en el lugar, a excepci\u00f3n de la Divisi\u00f3n de Intervenciones Forestales y Emergencias Sociales de la Direcci\u00f3n de Prevenci\u00f3n de Delitos Rurales (Polic\u00eda de Entre R\u00edos), que realiza un control y guardia de cenizas, con el prop\u00f3sito de corroborar que el fuego est\u00e9 extinguido.<\/p>\n<p>Se solicita nuevamente a la poblaci\u00f3n evitar el encendido de fogatas en lugares no habilitados o debajo de \u00e1rboles, arrojar colillas de cigarrillos o f\u00f3sforos encendidos y detener el auto en zonas secas durante mucho tiempo. Tambi\u00e9n es importante llevarse los residuos, ya que los vidrios y latas pueden originar incendios.<\/p>\n","protected":false},"excerpt":{"rendered":"<p>El vuelo se program\u00f3 debido a un alerta recibido desde Ceibas por un posible foco \u00edgneo sobre la margen del r\u00edo Uruguay. Sobre el borde costero del Paran\u00e1 no se registraron incendios.\u00a0 El foco en la zona rural de Federal fue controlado y se contin\u00faa el trabajo en el lugar de forma preventiva &nbsp; &nbsp; Ante un reporte de autoridades ubicadas en Ceibas, la Brigada de Respuesta Ambiental de Entre R\u00edos iniciar\u00e1 este viernes un vuelo vig\u00eda en la regi\u00f3n inferior del Delta hasta una zona ubicada al oeste de&#8230;<\/p>\n","protected":false},"author":3,"featured_media":97042,"comment_status":"closed","ping_status":"closed","sticky":false,"template":"","format":"standard","meta":[],"categories":[15],"tags":[],"_links":{"self":[{"href":"https:\/\/www.actualidadadiario.com\/index.php\/wp-json\/wp\/v2\/posts\/97569"}],"collection":[{"href":"https:\/\/www.actualidadadiario.com\/index.php\/wp-json\/wp\/v2\/posts"}],"about":[{"href":"https:\/\/www.actualidadadiario.com\/index.php\/wp-json\/wp\/v2\/types\/post"}],"author":[{"embeddable":true,"href":"https:\/\/www.actualidadadiario.com\/index.php\/wp-json\/wp\/v2\/users\/3"}],"replies":[{"embeddable":true,"href":"https:\/\/www.actualidadadiario.com\/index.php\/wp-json\/wp\/v2\/comments?post=97569"}],"version-history":[{"count":1,"href":"https:\/\/www.actualidadadiario.com\/index.php\/wp-json\/wp\/v2\/posts\/97569\/revisions"}],"predecessor-version":[{"id":97570,"href":"https:\/\/www.actualidadadiario.com\/index.php\/wp-json\/wp\/v2\/posts\/97569\/revisions\/97570"}],"wp:featuredmedia":[{"embeddable":true,"href":"https:\/\/www.actualidadadiario.com\/index.php\/wp-json\/wp\/v2\/media\/97042"}],"wp:attachment":[{"href":"https:\/\/www.actualidadadiario.com\/index.php\/wp-json\/wp\/v2\/media?parent=97569"}],"wp:term":[{"taxonomy":"category","embeddable":true,"href":"https:\/\/www.actualidadadiario.com\/index.php\/wp-json\/wp\/v2\/categories?post=97569"},{"taxonomy":"post_tag","embeddable":true,"href":"https:\/\/www.actualidadadiario.com\/index.php\/wp-json\/wp\/v2\/tags?post=97569"}],"curies":[{"name":"wp","href":"https:\/\/api.w.org\/{rel}","templated":true}]}}