{"id":97566,"date":"2023-02-10T14:15:19","date_gmt":"2023-02-10T17:15:19","guid":{"rendered":"https:\/\/www.actualidadadiario.com\/?p=97566"},"modified":"2023-02-10T14:15:19","modified_gmt":"2023-02-10T17:15:19","slug":"cresto-respaldo-en-los-reclamos-de-kueider-a-nacion-por-la-cuestion-energetica","status":"publish","type":"post","link":"https:\/\/www.actualidadadiario.com\/index.php\/2023\/02\/10\/cresto-respaldo-en-los-reclamos-de-kueider-a-nacion-por-la-cuestion-energetica\/","title":{"rendered":"Cresto respald\u00f3 en los reclamos de Kueider a Naci\u00f3n por la cuesti\u00f3n energ\u00e9tica"},"content":{"rendered":"<p style=\"text-align: center;\"><em><strong>Todos los intendentes est\u00e1n siguiendo el tema energ\u00e9tico \u201cmuy de cerca y esperando que esta vez Naci\u00f3n escuche el reclamo de los entrerrianos\u201d, dijo esta ma\u00f1ana el intendente Enrique Cresto en di\u00e1logo con LT 15 en Concordia<\/strong><\/em><\/p>\n<p>&nbsp;<\/p>\n<p>&nbsp;<\/p>\n<p>La referencia corresponde a la iniciativa impulsada por el senador nacional Edgardo Kueider que propone reducir el IVA del 21% al 5% para consumo familiar y del 27% al 10,5% para usuarios comerciales, industriales, Pymes, Clubes, etc.<\/p>\n<p>El proyecto elevado al Congreso Nacional contempla, entre otros aspectos, incrementar el porcentaje de las regal\u00edas percibidas por las provincias productoras de energ\u00eda del 12% actual a 20 %. Adem\u00e1s, se establece la obligaci\u00f3n de percibirlas en especie -energ\u00eda el\u00e9ctrica- y afectarlas a reducir el costo final de la energ\u00eda para consumidores.<\/p>\n<p>\u201cCoincidimos con el senador Kueider y con el gobernador Gustavo Bordet en la importancia de reducir el costo final de la energ\u00eda el\u00e9ctrica. En el \u00e1mbito de la producci\u00f3n y la industria, es fundamental para generar empleo y desarrollo. En la econom\u00eda familiar es una buena medida para aliviar los gastos en el hogar. Sin duda, compartimos esta lucha porque sabemos que del resultado de estas gestiones depende en gran parte el futuro de los entrerrianos\u201d, argument\u00f3 Cresto.<\/p>\n<p>\u201cAc\u00e1 nosotros aplicamos una reducci\u00f3n del 50% en el \u00e1mbito hotelero y gastron\u00f3mico. Es lo que podemos hacer desde el \u00e1mbito municipal y lo hicimos, as\u00ed como tambi\u00e9n estamos proyectando otras medidas. Pero las decisiones de peso, las que realmente har\u00edan posible un cambio profundo. se toman en Naci\u00f3n. Y ya es hora de que se reivindique a Entre R\u00edos en este reclamo plenamente justificado y necesario\u201d, destac\u00f3 el intendente concordiense.<\/p>\n<p>\u201cComo intendente, acompa\u00f1o y respaldo el accionar del senador Kueider. Est\u00e1 muy bien que marque una postura firme y levante la voz en Naci\u00f3n, porque el tema lo demanda. Pero tambi\u00e9n porque hay un compromiso no cumplido y en la pol\u00edtica, como en la vida, es importante honrar los compromisos\u201d, dijo Cresto. \u201cA Kueider le mintieron. Cuando se estaba por aprobar el presupuesto el Presidente lo llam\u00f3 y le pidi\u00f3 que acompa\u00f1e, que se iba a contemplar el tema energ\u00e9tico y la situaci\u00f3n de Entre R\u00edos. Pero eso no se cumpli\u00f3 y la situaci\u00f3n va de mal en peor\u201d, cuestion\u00f3 el jefe comunal.<\/p>\n<p>\u201cTodos conocemos la historia de Salto Grande. Cuando se construy\u00f3 y se inaugur\u00f3, se prometi\u00f3 que ser\u00eda un pilar para el desarrollo de la regi\u00f3n. La cuesti\u00f3n de la energ\u00eda accesible y econ\u00f3mica es un reclamo que hace, precisamente, al cumplimiento de ese compromiso hist\u00f3rico. Porque es una de las principales herramientas para el desarrollo. Eso es lo que estamos reclamando, no solo ante este gobierno si no ante un modelo centralista que quiere perpetuarse a lo largo de la historia y siempre deja en segundo plano o posterga a las provincias y sus pueblos. Esa es la lucha que estamos dando\u201d, argument\u00f3<\/p>\n<p>Finalmente, Cresto afirm\u00f3 que \u201cel que mejor conoce este tema, el que tiene la llave para resolver esta cuesti\u00f3n es el ministro de Econom\u00eda, Sergio Massa; porque son temas que hemos conversado con \u00e9l y con el Gobernador, porque tiene el diagn\u00f3stico de situaci\u00f3n y conoce en profundidad las distintas variables de esta problem\u00e1tica, as\u00ed como tambi\u00e9n est\u00e1 al tanto de este reclamo permanente de federalismo y justicia social que pregonamos desde Entre R\u00edos\u201d, concluy\u00f3 Cresto.<\/p>\n","protected":false},"excerpt":{"rendered":"<p>Todos los intendentes est\u00e1n siguiendo el tema energ\u00e9tico \u201cmuy de cerca y esperando que esta vez Naci\u00f3n escuche el reclamo de los entrerrianos\u201d, dijo esta ma\u00f1ana el intendente Enrique Cresto en di\u00e1logo con LT 15 en Concordia &nbsp; &nbsp; La referencia corresponde a la iniciativa impulsada por el senador nacional Edgardo Kueider que propone reducir el IVA del 21% al 5% para consumo familiar y del 27% al 10,5% para usuarios comerciales, industriales, Pymes, Clubes, etc. El proyecto elevado al Congreso Nacional contempla, entre otros aspectos, incrementar el porcentaje de&#8230;<\/p>\n","protected":false},"author":3,"featured_media":97567,"comment_status":"closed","ping_status":"closed","sticky":false,"template":"","format":"standard","meta":[],"categories":[15],"tags":[],"_links":{"self":[{"href":"https:\/\/www.actualidadadiario.com\/index.php\/wp-json\/wp\/v2\/posts\/97566"}],"collection":[{"href":"https:\/\/www.actualidadadiario.com\/index.php\/wp-json\/wp\/v2\/posts"}],"about":[{"href":"https:\/\/www.actualidadadiario.com\/index.php\/wp-json\/wp\/v2\/types\/post"}],"author":[{"embeddable":true,"href":"https:\/\/www.actualidadadiario.com\/index.php\/wp-json\/wp\/v2\/users\/3"}],"replies":[{"embeddable":true,"href":"https:\/\/www.actualidadadiario.com\/index.php\/wp-json\/wp\/v2\/comments?post=97566"}],"version-history":[{"count":1,"href":"https:\/\/www.actualidadadiario.com\/index.php\/wp-json\/wp\/v2\/posts\/97566\/revisions"}],"predecessor-version":[{"id":97568,"href":"https:\/\/www.actualidadadiario.com\/index.php\/wp-json\/wp\/v2\/posts\/97566\/revisions\/97568"}],"wp:featuredmedia":[{"embeddable":true,"href":"https:\/\/www.actualidadadiario.com\/index.php\/wp-json\/wp\/v2\/media\/97567"}],"wp:attachment":[{"href":"https:\/\/www.actualidadadiario.com\/index.php\/wp-json\/wp\/v2\/media?parent=97566"}],"wp:term":[{"taxonomy":"category","embeddable":true,"href":"https:\/\/www.actualidadadiario.com\/index.php\/wp-json\/wp\/v2\/categories?post=97566"},{"taxonomy":"post_tag","embeddable":true,"href":"https:\/\/www.actualidadadiario.com\/index.php\/wp-json\/wp\/v2\/tags?post=97566"}],"curies":[{"name":"wp","href":"https:\/\/api.w.org\/{rel}","templated":true}]}}