{"id":97563,"date":"2023-02-10T14:14:28","date_gmt":"2023-02-10T17:14:28","guid":{"rendered":"https:\/\/www.actualidadadiario.com\/?p=97563"},"modified":"2023-02-10T14:14:28","modified_gmt":"2023-02-10T17:14:28","slug":"liga-de-gobernadores-sin-cfk-en-2023-piden-protagonismo-y-fondos-2","status":"publish","type":"post","link":"https:\/\/www.actualidadadiario.com\/index.php\/2023\/02\/10\/liga-de-gobernadores-sin-cfk-en-2023-piden-protagonismo-y-fondos-2\/","title":{"rendered":"Liga de gobernadores: sin CFK en 2023, piden protagonismo y fondos"},"content":{"rendered":"<p style=\"text-align: center;\"><em><strong>Los jefes provinciales ten\u00edan previsto un encuentro para anticiparse a fallo de la Corte por quita de recursos a CABA. Buscan m\u00e1s poder en el PJ nacional<\/strong><\/em><\/p>\n<p>&nbsp;<\/p>\n<p>&nbsp;<\/p>\n<p>La liga de gobernadores peronistas volver\u00e1 a reunirse este lunes en el Consejo Federal de Inversiones (CFI) en Buenos Aires. Y el c\u00f3nclave que apuntaba a tomar una posici\u00f3n que se anticipara al inminente fallo de la Corte Suprema sobre la quita de recursos coparticipable a CABA ampli\u00f3 el temario tras la condena a Cristina Kirchner que deriv\u00f3 en una renuncia de la vicepresidenta a candidaturas 2023.<\/p>\n<p>El grupo que comenz\u00f3 a reunirse en junio con demandas puntuales a Naci\u00f3n ligadas al federalismo y el reparto de subsidios se transform\u00f3 en un eje de poder dentro del PJ. Y la decisi\u00f3n de Cristina Kirchner de correrse de las boletas el a\u00f1o pr\u00f3ximo pone a los mandatarios en la necesidad de plantear protagonismo en un escenario en el que el Gobierno nacional muestra poca musculatura.<\/p>\n<p>La semana pasada, tras la condena en la causa Vialidad, la liga emiti\u00f3 un comunicado contra la Justicia vehiculizado por el bonaerense Axel Kicillof, acaso el gobernador que queda a m\u00e1s expectante a los trazos gruesos que definir\u00e1 el kirchnerismo post Cristina, ya que tiene la posibilidad de ser reelecto en la provincia pero tambi\u00e9n es una carta natural para jugar en la nacional, si el ala K descarta a su principal referencia para la contienda 2023. El otro gobernador referenciado en el kirchnerismo es el chaque\u00f1o Jorge Capitanich, que mencion\u00f3 que la Justicia no pod\u00eda proscribir a Cristina Kircher.<\/p>\n<p>&nbsp;<\/p>\n<p>En un hilo de tuits, Kicillof difundi\u00f3 el comunicado que aprob\u00f3 la liga, y catalog\u00f3 como \u201cun hecho de enorme gravedad institucional que atenta contra la democracia\u201d la condena a seis a\u00f1os e inhabilitaci\u00f3n especial perpetua para ejercer cargos p\u00fablicos contra la vice.<\/p>\n<p>A ese scrum no se abrazan algunos gobernadores de peso del universo peronista, como el cordob\u00e9s Juan Schiaretti o el santafesino Omar Perotti, que buscan un juego con independencia del Frente de Todos nacional. Tambi\u00e9n dio un paso al costado en septiembre el puntano Alberto Rodr\u00edguez Sa\u00e1, tras cuestionar el rumbo que tom\u00f3 el grupo. Y prefiri\u00f3 seguir con su tradicional postura de apartarse de causas conjuntas (como en la firma del Pacto Fiscal).<\/p>\n<p>Ayer, el sanjuanino Sergio U\u00f1ac confirm\u00f3 la reuni\u00f3n desde el aut\u00f3dromo de la provincia en la que se corri\u00f3 la fecha del Turismo Carretera. El mandatario es uno de los que tiene aspiraciones nacionales. Y, al igual que buena parte de sus pares, apunta a desdoblar la elecci\u00f3n 2023 para el primer semestre (probablemente mayo, mes elegido ya por Tucum\u00e1n, La Pampa, Salta en el PJ y por Jujuy en JxC). La estrategia le permitir\u00eda a los gobernadores mantener cierto margen de maniobra: blindar el poder local primero, y buscar alternativas nacionales despu\u00e9s.<\/p>\n<p>Los gobernadores quieren un nombre en la f\u00f3rmula, que tambi\u00e9n sea una moneda de cambio por el caudal que llega desde abajo hacia arriba. As\u00ed fue, por caso, el salto de Juan Manzur al gabinete tras los comicios 2021, donde Tucum\u00e1n fue uno de los pocos distritos que logr\u00f3 resistir al embate contra el voto castigo a la Casa Rosada. Adem\u00e1s de Manzur, tambi\u00e9n hubo propuestas para U\u00f1ac, el otro jefe provincial que hab\u00eda sido tentado a sumarse al Gobierno.<\/p>\n<p>En el plano de los repartos de fondo, origen de la liga, con pedidos de equidad en reparto de subsidios y presiones a Alberto Fern\u00e1ndez para combatir la inflaci\u00f3n (ejes siempre retomados por los mandatarios del Norte Grande) aparece en el horizonte el fallo de la Corte sobre la quita de coparticipaci\u00f3n a CABA.<\/p>\n<p>Los gobernadores hab\u00edan pedido participar en calidad de amicus curiae ante el conflicto suscitado por la distribuci\u00f3n de recursos coparticipables con la Ciudad de Buenos Aires, y llegaron a presionar con una reforma del m\u00e1ximo tribunal para ampliarlo a 25 jueces, uno por provincia y el restante por Naci\u00f3n.<\/p>\n","protected":false},"excerpt":{"rendered":"<p>Los jefes provinciales ten\u00edan previsto un encuentro para anticiparse a fallo de la Corte por quita de recursos a CABA. Buscan m\u00e1s poder en el PJ nacional &nbsp; &nbsp; La liga de gobernadores peronistas volver\u00e1 a reunirse este lunes en el Consejo Federal de Inversiones (CFI) en Buenos Aires. Y el c\u00f3nclave que apuntaba a tomar una posici\u00f3n que se anticipara al inminente fallo de la Corte Suprema sobre la quita de recursos coparticipable a CABA ampli\u00f3 el temario tras la condena a Cristina Kirchner que deriv\u00f3 en una renuncia&#8230;<\/p>\n","protected":false},"author":3,"featured_media":97564,"comment_status":"closed","ping_status":"closed","sticky":false,"template":"","format":"standard","meta":[],"categories":[18],"tags":[],"_links":{"self":[{"href":"https:\/\/www.actualidadadiario.com\/index.php\/wp-json\/wp\/v2\/posts\/97563"}],"collection":[{"href":"https:\/\/www.actualidadadiario.com\/index.php\/wp-json\/wp\/v2\/posts"}],"about":[{"href":"https:\/\/www.actualidadadiario.com\/index.php\/wp-json\/wp\/v2\/types\/post"}],"author":[{"embeddable":true,"href":"https:\/\/www.actualidadadiario.com\/index.php\/wp-json\/wp\/v2\/users\/3"}],"replies":[{"embeddable":true,"href":"https:\/\/www.actualidadadiario.com\/index.php\/wp-json\/wp\/v2\/comments?post=97563"}],"version-history":[{"count":1,"href":"https:\/\/www.actualidadadiario.com\/index.php\/wp-json\/wp\/v2\/posts\/97563\/revisions"}],"predecessor-version":[{"id":97565,"href":"https:\/\/www.actualidadadiario.com\/index.php\/wp-json\/wp\/v2\/posts\/97563\/revisions\/97565"}],"wp:featuredmedia":[{"embeddable":true,"href":"https:\/\/www.actualidadadiario.com\/index.php\/wp-json\/wp\/v2\/media\/97564"}],"wp:attachment":[{"href":"https:\/\/www.actualidadadiario.com\/index.php\/wp-json\/wp\/v2\/media?parent=97563"}],"wp:term":[{"taxonomy":"category","embeddable":true,"href":"https:\/\/www.actualidadadiario.com\/index.php\/wp-json\/wp\/v2\/categories?post=97563"},{"taxonomy":"post_tag","embeddable":true,"href":"https:\/\/www.actualidadadiario.com\/index.php\/wp-json\/wp\/v2\/tags?post=97563"}],"curies":[{"name":"wp","href":"https:\/\/api.w.org\/{rel}","templated":true}]}}