{"id":97561,"date":"2023-02-10T14:13:35","date_gmt":"2023-02-10T17:13:35","guid":{"rendered":"https:\/\/www.actualidadadiario.com\/?p=97561"},"modified":"2023-02-10T14:13:35","modified_gmt":"2023-02-10T17:13:35","slug":"la-pampa-primer-duelo-interno-del-pro-versus-la-ucr-y-un-test-para-medir-las-chances-del-peronismo-2","status":"publish","type":"post","link":"https:\/\/www.actualidadadiario.com\/index.php\/2023\/02\/10\/la-pampa-primer-duelo-interno-del-pro-versus-la-ucr-y-un-test-para-medir-las-chances-del-peronismo-2\/","title":{"rendered":"La Pampa: primer duelo interno del PRO versus la UCR y un test para medir las chances del peronismo"},"content":{"rendered":"<p style=\"text-align: center;\"><em><strong>La provincia realizar\u00e1 las PASO el pr\u00f3ximo domingo 12 de febrero. En la coalici\u00f3n opositora compiten por la candidatura dos diputados nacionales: Berhongaray, por la UCR, y Maquieyra, por el PRO. Los apoyos que recibi\u00f3 cada uno. El desaf\u00edo para el PJ es remontar la derrota de las elecciones de medio t\u00e9rmino de 2021 y preservar la provincia<\/strong><\/em><\/p>\n<p>&nbsp;<\/p>\n<p>&nbsp;<\/p>\n<p>La provincia de La Pampa abrir\u00e1 el calendario electoral este domingo con la celebraci\u00f3n de elecciones Primarias, Abiertas, Simultaneas y Obligatorias (PASO) en las que principalmente Juntos por el Cambio definir\u00e1 a trav\u00e9s del voto de los pampeanos qui\u00e9nes ser\u00e1n los candidatos que competir\u00e1n el pr\u00f3ximo 14 de mayo en la generales.<\/p>\n<p>Si bien son las PASO,\u00a0 el voto para los partidos que no llegaron a un acuerdo ser\u00e1 voluntario. Los independientes pueden participar solo en la interna de un partido, mientras que los afiliados y afiliadas solo pueden hacerlo en su fuerza pol\u00edtica.<\/p>\n<p>El oficialismo pampeano se ubica como espectador de lo que suceder\u00e1 el fin de semana ya que en la lista del Frente Justicialista (FreJuPa), el gobernador Sergio Ziliotto buscar\u00e1 su reelecci\u00f3n, acompa\u00f1ado por la actual diputada provincial, Alicia Mayoral.<\/p>\n<p>\u201cNosotros no participamos, s\u00f3lo miramos\u201d, dijo un integrante del Frente De Todos que representa a La Pampa en el Congreso de la Naci\u00f3n. Y asegur\u00f3 que en las elecciones generales el peronismo renovar\u00e1 gobierno en la provincia: \u201cNo hay ninguna posibilidad de que eso no suceda\u201d.<\/p>\n<p>En cuanto a la coalici\u00f3n de JXC hay una divisi\u00f3n tajante entre el radicalismo y el PRO en la que se dirimir\u00e1 la candidatura a gobernador. Las listas que encabezan el diputado nacional radical Mart\u00edn Berhongaray y la ex legisladora provincial Patricia Testa, frente a los postulantes del PRO, el diputado nacional Mart\u00edn Maquieyra y la ex legisladora provincial Josefina D\u00edaz.<\/p>\n<p>En di\u00e1logo con Tiempo, Maquieyra, que tuvo mucha relevancia en las \u00faltimas semanas en los medios por ser el impulsor de la Ley Lucio, asegur\u00f3 que tiene muchas expectativas para el domingo despu\u00e9s de recorrer varias localidades de la provincia. \u201cHemos escuchado a los pampeanos y les hemos planteado nuestras ideas que son tres principales y creemos que sacar\u00e1n a la provincia adelante. La primera es volver a la educaci\u00f3n de calidad que supo tener La Pampa. Hoy 4 de cada 10 chicos no comprenden lo que leen cuando terminan el secundario y 6 de cada 10 no pueden hacer evaluaciones matem\u00e1ticas. Otra es la generaci\u00f3n de empleo. Darles la posibilidad a los chicos de quedarse y lo mismo con la salud\u201d.<\/p>\n<p>\u201cEste domingo tenemos la posibilidad de ganar y llevar adelante esta plataforma de ideas y estamos muy acompa\u00f1ados por los pampeanos\u201d, indic\u00f3 el candidato del Pro, al tiempo que agreg\u00f3: \u201cA partir del lunes, m\u00e1s all\u00e1 de los resultaos, vamos a estar m\u00e1s juntos que nunca para cambiar la provincia el 14 de mayo cuando sean las elecciones generales\u201d.<\/p>\n<p>Adem\u00e1s coment\u00f3 que \u201cel pampeano quiere un cambio\u201d y record\u00f3 que \u201cen 2021 tuvimos una oportunidad hist\u00f3rica de ganar la diputaci\u00f3n y la senadur\u00eda. Eso se mantiene. Juntos por el Cambio tiene que seguir recorriendo y buscar la oportunidad para ganar\u201d.<\/p>\n<p>Maquieyra cont\u00f3 con el apoyo del jefe de gobierno porte\u00f1o Horacio Rodriguez Larreta, de Mauricio Macri, Patricia Bullrich y Mar\u00eda Eugenia Vidal. Todos viajaron a la provincia a respaldar su f\u00f3rmula.<\/p>\n<p>El radical Berhongaray representa el espacio Evoluci\u00f3n y para su campa\u00f1a cont\u00f3 con el acompa\u00f1amiento en las recorridas por la provincia de Mart\u00edn Lousteau y Gerardo Morales.<\/p>\n<p>El resto de los partidos tambi\u00e9n va directo a mayo con lista \u00fanica. El Frente de Izquierda y de Trabajadores-Unidad postular\u00e1 para gobernador el dirigente gremial de ATE Luciano Gonz\u00e1lez, acompa\u00f1ado por Sof\u00eda Mercedes Fern\u00e1ndez.<\/p>\n<p>El Movimiento Federalista presenta al ex diputado provincial H\u00e9ctor Fazzini y a Sonia Anal\u00eda Wisner de candidata a vicegobernadora. Mientras que el ex intendente de Santa Rosa, Juan Carlos Tierno, (destituido en 2008 a los 87 d\u00edas de gesti\u00f3n por abuso de autoridad) se presenta con Viviana Winschel de compa\u00f1era de f\u00f3rmula. El partido provincial Desde el Pie lo hace con Claudio Acosta, funcionario de Salud que dirige uno de los Centros Sanitarios de Santa Rosa y est\u00e1 acompa\u00f1ado de Mar\u00eda Laura Gonz\u00e1lez.<\/p>\n","protected":false},"excerpt":{"rendered":"<p>La provincia realizar\u00e1 las PASO el pr\u00f3ximo domingo 12 de febrero. En la coalici\u00f3n opositora compiten por la candidatura dos diputados nacionales: Berhongaray, por la UCR, y Maquieyra, por el PRO. Los apoyos que recibi\u00f3 cada uno. El desaf\u00edo para el PJ es remontar la derrota de las elecciones de medio t\u00e9rmino de 2021 y preservar la provincia &nbsp; &nbsp; La provincia de La Pampa abrir\u00e1 el calendario electoral este domingo con la celebraci\u00f3n de elecciones Primarias, Abiertas, Simultaneas y Obligatorias (PASO) en las que principalmente Juntos por el Cambio&#8230;<\/p>\n","protected":false},"author":3,"featured_media":92253,"comment_status":"closed","ping_status":"closed","sticky":false,"template":"","format":"standard","meta":[],"categories":[18],"tags":[],"_links":{"self":[{"href":"https:\/\/www.actualidadadiario.com\/index.php\/wp-json\/wp\/v2\/posts\/97561"}],"collection":[{"href":"https:\/\/www.actualidadadiario.com\/index.php\/wp-json\/wp\/v2\/posts"}],"about":[{"href":"https:\/\/www.actualidadadiario.com\/index.php\/wp-json\/wp\/v2\/types\/post"}],"author":[{"embeddable":true,"href":"https:\/\/www.actualidadadiario.com\/index.php\/wp-json\/wp\/v2\/users\/3"}],"replies":[{"embeddable":true,"href":"https:\/\/www.actualidadadiario.com\/index.php\/wp-json\/wp\/v2\/comments?post=97561"}],"version-history":[{"count":1,"href":"https:\/\/www.actualidadadiario.com\/index.php\/wp-json\/wp\/v2\/posts\/97561\/revisions"}],"predecessor-version":[{"id":97562,"href":"https:\/\/www.actualidadadiario.com\/index.php\/wp-json\/wp\/v2\/posts\/97561\/revisions\/97562"}],"wp:featuredmedia":[{"embeddable":true,"href":"https:\/\/www.actualidadadiario.com\/index.php\/wp-json\/wp\/v2\/media\/92253"}],"wp:attachment":[{"href":"https:\/\/www.actualidadadiario.com\/index.php\/wp-json\/wp\/v2\/media?parent=97561"}],"wp:term":[{"taxonomy":"category","embeddable":true,"href":"https:\/\/www.actualidadadiario.com\/index.php\/wp-json\/wp\/v2\/categories?post=97561"},{"taxonomy":"post_tag","embeddable":true,"href":"https:\/\/www.actualidadadiario.com\/index.php\/wp-json\/wp\/v2\/tags?post=97561"}],"curies":[{"name":"wp","href":"https:\/\/api.w.org\/{rel}","templated":true}]}}