{"id":97559,"date":"2023-02-10T14:12:51","date_gmt":"2023-02-10T17:12:51","guid":{"rendered":"https:\/\/www.actualidadadiario.com\/?p=97559"},"modified":"2023-02-10T14:12:51","modified_gmt":"2023-02-10T17:12:51","slug":"la-mesa-politica-se-hace-pero-viene-lenta-su-organizacion","status":"publish","type":"post","link":"https:\/\/www.actualidadadiario.com\/index.php\/2023\/02\/10\/la-mesa-politica-se-hace-pero-viene-lenta-su-organizacion\/","title":{"rendered":"La mesa pol\u00edtica se hace, pero viene lenta su organizaci\u00f3n"},"content":{"rendered":"<p style=\"text-align: center;\"><em><strong>A tan solo una semana de la &#8220;mesa pol\u00edtica&#8221; que convoc\u00f3 el presidente Alberto Fern\u00e1ndez, crece la incertidumbre acerca de qu\u00e9 suceder\u00e1 en el marco de ese encuentro. Los preparativos, aunque a paso lento, avanzan<\/strong><\/em><\/p>\n<p>&nbsp;<\/p>\n<p>&nbsp;<\/p>\n<p>Cerca del mandatario quieren bajarle el tono a la reuni\u00f3n del PJ y dicen que all\u00ed &#8220;no se har\u00e1 magia&#8221;, que solo se hablar\u00e1 de lo electoral. Desde el kirchnerismo, en tanto, se comienzan a mostrar frustrados porque la idea de ellos era que el temario sea m\u00e1s amplio y que se puedan discutir distintas pol\u00edticas de gobierno. M\u00e1s all\u00e1 de eso, dicen que van a enviar representantes, aunque aclaran que todav\u00eda no est\u00e1n definidos.<\/p>\n<p>El Presidente sigue con su idea de ser pelear la reelecci\u00f3n y llevar\u00eda esa idea a la mesa. Esta semana se junt\u00f3 con intendentes, donde volvi\u00f3 a transmitir ese deseo, y tambi\u00e9n ten\u00eda planificado reunirse con gobernadores aunque ese mitin a\u00fan est\u00e1 en stand by . Varios gobernadores no creen que haya una reuni\u00f3n con el Jefe de Estado antes de la reuni\u00f3n del jueves. &#8220;Nunca se program\u00f3 tal reuni\u00f3n. No hay nada previsto y no creo que tengamos una reuni\u00f3n previa al encuentro del PJ&#8221;, dijo a este diario un integrante de peso de la Liga de Gobernadores. Seg\u00fan adelant\u00f3, ellos no est\u00e1n trabajando desde ese espacio para llevar a la reuni\u00f3n del jueves una postura unificada. En principio, ir\u00e1n a escuchar.<\/p>\n<p>&#8220;Si la mesa pol\u00edtica se convierte en una asamblea pierde el sentido que tiene que tener, que es poder ordenar una estrategia&#8221;, advirti\u00f3 un referente que se siente identificado con la vicepresidenta. Adem\u00e1s, ese dirigente opin\u00f3 que &#8220;hay que tener cuidado de que no nos den una sobredosis de mesa pol\u00edtica porque eso es otra forma de hacer que la mesa pol\u00edtica no exista&#8221;. Dentro del oficialismo son muchos los que consideran que la verdadera &#8220;mesa&#8221; tiene que ser una &#8220;de tres patas&#8221; en la que se sienten Fern\u00e1ndez, CFK y Sergio Massa y que, como resultado de esa reuni\u00f3n, luego haya otras m\u00e1s amplias. Eso ya no ocurrir\u00e1 porque la vicepresidenta hizo saber que ella no ir\u00e1 el jueves al PJ y que el diputado M\u00e1ximo Kirchner, tampoco.<\/p>\n<p>En el encuentro del jueves, adem\u00e1s de hablar de las elecciones, seguramente tambi\u00e9n se converse sobre la necesidad de poner pa\u00f1os fr\u00edos a la interna y que las diferencias se empiecen a limar en el \u00e1mbito privado. As\u00ed lo adelant\u00f3 el ministro de Obras P\u00fablicas, Gabriel Katopodis, que dijo que &#8220;les queremos contar a los militantes que vamos a dirimir nuestras diferencias y que aprendimos de esas peleas que tuvimos\u201d. Sin embargo, por ahora eso no pareciera estar funcionando. En declaraciones radiales con CNN, el ministro de Seguridad, An\u00edbal Fern\u00e1ndez, volvi\u00f3 a echar le\u00f1a al fuego y, enfrentando al kirchnerismo, dijo que, en la mesa pol\u00edtica, &#8220;la gesti\u00f3n del Presidente ni en pedo hay que discutirla&#8221;. Luego, agreg\u00f3 que esos planteos &#8220;son de mentes afiebradas que sue\u00f1an con intentar esmerilar al Presidente&#8221;. Sus cr\u00edticas fueron m\u00e1s all\u00e1 y el titular de Seguridad agreg\u00f3 que &#8220;algunos aparecen enoj\u00e1ndose y haciendo declaraciones altisonantes y, a mi juicio el Presidente es demasiado tolerante&#8221;.<\/p>\n<p>En la reuni\u00f3n con intendentes que hubo el martes en Olivos, Massa habr\u00eda dicho al mandatario que en el corto plazo tiene que definir si quiere ser candidato o no en las pr\u00f3ximas elecciones. An\u00edbal Fern\u00e1ndez, se enter\u00f3 de esos trascendidos y aclar\u00f3 que, &#8220;si es candidato o no, lo decide el Presidente, \u00bfdesde cu\u00e1ndo alguien le va a decir a \u00e9l que se tiene que definir?&#8221;.<\/p>\n<p>Desde los sectores ligados al kirchnerismo, mientras tanto, ignoraron esas declaraciones y dicen que siguen firmes con la idea de realizar un operativo clamor para levantar la proscripci\u00f3n de la vicepresidenta. Por eso siguen trabajando en diversas reuniones para que esa sea una de las consignas del 24 de marzo. El 9 de ese mismo mes se conocer\u00e1n los fundamentos de la causa vialidad. Ellos creen que ese tema, el de la proscripci\u00f3n de la vicepresidenta, tambi\u00e9n tiene que ser parte del men\u00fa en el encuentro del PJ. Para el cierre de listas, que ser\u00e1 el 24 de junio, falta un largo trecho y, en el medio, todo puede suceder.<\/p>\n","protected":false},"excerpt":{"rendered":"<p>A tan solo una semana de la &#8220;mesa pol\u00edtica&#8221; que convoc\u00f3 el presidente Alberto Fern\u00e1ndez, crece la incertidumbre acerca de qu\u00e9 suceder\u00e1 en el marco de ese encuentro. Los preparativos, aunque a paso lento, avanzan &nbsp; &nbsp; Cerca del mandatario quieren bajarle el tono a la reuni\u00f3n del PJ y dicen que all\u00ed &#8220;no se har\u00e1 magia&#8221;, que solo se hablar\u00e1 de lo electoral. Desde el kirchnerismo, en tanto, se comienzan a mostrar frustrados porque la idea de ellos era que el temario sea m\u00e1s amplio y que se puedan&#8230;<\/p>\n","protected":false},"author":3,"featured_media":97096,"comment_status":"closed","ping_status":"closed","sticky":false,"template":"","format":"standard","meta":[],"categories":[9],"tags":[],"_links":{"self":[{"href":"https:\/\/www.actualidadadiario.com\/index.php\/wp-json\/wp\/v2\/posts\/97559"}],"collection":[{"href":"https:\/\/www.actualidadadiario.com\/index.php\/wp-json\/wp\/v2\/posts"}],"about":[{"href":"https:\/\/www.actualidadadiario.com\/index.php\/wp-json\/wp\/v2\/types\/post"}],"author":[{"embeddable":true,"href":"https:\/\/www.actualidadadiario.com\/index.php\/wp-json\/wp\/v2\/users\/3"}],"replies":[{"embeddable":true,"href":"https:\/\/www.actualidadadiario.com\/index.php\/wp-json\/wp\/v2\/comments?post=97559"}],"version-history":[{"count":1,"href":"https:\/\/www.actualidadadiario.com\/index.php\/wp-json\/wp\/v2\/posts\/97559\/revisions"}],"predecessor-version":[{"id":97560,"href":"https:\/\/www.actualidadadiario.com\/index.php\/wp-json\/wp\/v2\/posts\/97559\/revisions\/97560"}],"wp:featuredmedia":[{"embeddable":true,"href":"https:\/\/www.actualidadadiario.com\/index.php\/wp-json\/wp\/v2\/media\/97096"}],"wp:attachment":[{"href":"https:\/\/www.actualidadadiario.com\/index.php\/wp-json\/wp\/v2\/media?parent=97559"}],"wp:term":[{"taxonomy":"category","embeddable":true,"href":"https:\/\/www.actualidadadiario.com\/index.php\/wp-json\/wp\/v2\/categories?post=97559"},{"taxonomy":"post_tag","embeddable":true,"href":"https:\/\/www.actualidadadiario.com\/index.php\/wp-json\/wp\/v2\/tags?post=97559"}],"curies":[{"name":"wp","href":"https:\/\/api.w.org\/{rel}","templated":true}]}}