{"id":97554,"date":"2023-02-10T14:11:15","date_gmt":"2023-02-10T17:11:15","guid":{"rendered":"https:\/\/www.actualidadadiario.com\/?p=97554"},"modified":"2023-02-10T14:11:15","modified_gmt":"2023-02-10T17:11:15","slug":"rossi-el-mas-nombrado-para-reemplazar-a-manzur","status":"publish","type":"post","link":"https:\/\/www.actualidadadiario.com\/index.php\/2023\/02\/10\/rossi-el-mas-nombrado-para-reemplazar-a-manzur\/","title":{"rendered":"Rossi, el m\u00e1s nombrado para reemplazar a Manzur"},"content":{"rendered":"<p style=\"text-align: center;\"><em><strong>Seg\u00fan trascendi\u00f3, a principios de esta semana, el Presidente le ofreci\u00f3 el puesto al titular de la AFI a y \u00e9ste acept\u00f3 el convite. La confirmaci\u00f3n ser\u00e1 en una semana<\/strong><\/em><\/p>\n<p>&nbsp;<\/p>\n<p>&nbsp;<\/p>\n<p>Ya casi no quedan dudas: en Casa Rosada el nombre que m\u00e1s fuerte suena para reemplazar al Jefe de Gabinete, Juan Manzur &#8211;que decidi\u00f3 dejar su cargo para ir a hacer campa\u00f1a a Tucum\u00e1n&#8211; es el de Agust\u00edn Rossi, actual titular de la Agencia Federal de Inteligencia. El martes, antes de que el Presidente viaje a Taf\u00ed Viejo junto al tucumano para encabezar el acto en el que dijo &#8220;ahora que viene un tiempo de inflexi\u00f3n vamos a devolverle a Juan a los tucumanos para que lleve al triunfo al peronismo&#8221;, mantuvo un desayuno de Trabajo en la Quinta de Olivos con Rossi. All\u00ed, Alberto Fern\u00e1ndez le habr\u00eda propuesto ocupar el cargo y \u00e9l habr\u00eda aceptado. Para la confirmaci\u00f3n oficial, sin embargo, faltan algunos d\u00edas porque, seg\u00fan dicen cerca del Jefe de Gabinete, Manzur a\u00fan &#8220;tiene que terminar de ordenar la transici\u00f3n&#8221;. Una fecha estimada para que ocurra el cambio es el 15 de febrero, un d\u00eda antes de que se realice la mesa nacional pol\u00edtica en la sede del PJ.<\/p>\n<p>&#8220;A partir de hoy asumo la total y plena responsabilidad como jefe de campa\u00f1a de Osvaldo Jaldo&#8221;, dispar\u00f3 Manzur sobre el escenario el martes pasado. Inmediatamente comenz\u00f3 la famosa &#8220;danza de nombres&#8221; para intentar adivinar qui\u00e9n ser\u00eda su reemplazante. Desde Casa Rosada, dec\u00edan que no hubo &#8220;tal danza&#8221;, porque ya estaba definido de antemano el nuevo titular. Quien ocupe ese puesto ser\u00e1 una figura central en los meses que quedan de gesti\u00f3n y una persona clave durante toda la campa\u00f1a que comienza.<\/p>\n<p>Dentro del oficialismo eran varias las personas de peso que consideraban que &#8220;el reemplazante natural&#8221; de Manzur era Juan Manuel Olmos, vicejefe de gabinete y hombre de confianza del Presidente. El problema es que el funcionario tiene &#8220;bajo perfil&#8221; y, dicen, por eso no quiso aceptar tal nivel de exposici\u00f3n. &#8220;Olmos no es&#8221;, confirmaban en Balcarce 50 al cierre de esta edici\u00f3n. Seg\u00fan trascendidos, el vicejefe de ministros estaba dispuesto a tomar la responsabilidad operativa en caso de que Manzur decidiera no irse, sino tomar una licencia. Esa fue una opci\u00f3n que se baraj\u00f3 hasta \u00faltimo momento en Casa Rosada, pero que qued\u00f3 descartada.<\/p>\n<p>Si Manzur hubiera definido tomar una licencia y no renunciar, como finalmente ocurrir\u00e1, surg\u00eda un problema: \u00e9l se ir\u00eda a Tucum\u00e1n con la idea de volver y, en la gesti\u00f3n, lo iba a reemplazar Olmos, pero en lo formal deb\u00eda quedar otro ministro para que firme y se encargue de la cuesti\u00f3n burocr\u00e1tica. &#8220;Es como la subrogancia de los jueces, siempre tiene que quedar un ministro a cargo&#8221;, hab\u00edan explicado a este diario cerca de Fern\u00e1ndez y pon\u00edan como ejemplo que, cuando el ministro de Econom\u00eda, Sergio Massa, se ausenta, firma en su lugar el ministro de Transporte, que es de su mismo espacio pol\u00edtico. El problema radicaba en que, posiblemente el que hubiera tenido la responsabilidad de &#8220;firmar&#8221; en lugar de Manzur era el titular de Interior, Eduardo &#8220;Wado&#8221; de Pedro. Un ministro que tiene el v\u00ednculo roto con Fern\u00e1ndez.<\/p>\n<p>Rossi tiene un perfil mucho m\u00e1s pol\u00edtico y es una figura m\u00e1s conocida, no solo que Olmos, sino tambi\u00e9n que Manzur. Adem\u00e1s, &#8220;el Chivo&#8221; tiene un v\u00ednculo innegable con los dem\u00e1s sectores de la alianza oficialista, especialmente con Cristina Fern\u00e1ndez de Kirchner. \u00c9l no solo fue el presidente del bloque del Frente para la Victoria en diputados durante el Macrismo, sino que antes hab\u00eda sido su ministro de Defensa entre mayo de 2013 y diciembre de 2015. Un cargo que tambi\u00e9n ocup\u00f3 en el gobierno de Alberto Fern\u00e1ndez hasta que en 2021 renunci\u00f3 porque fue a hacer campa\u00f1a a su provincia, Santa Fe. All\u00ed sostuvo una fuerte interna con el gobernador Omar Perotti por la candidatura a senador nacional.<\/p>\n<p>En aquel momento, Rossi se alej\u00f3 del Ejecutivo para cumplir con una &#8220;regla \u00e9tica&#8221;, que impuso Fern\u00e1ndez. Antes de las PASO, el mandatario dijo que los funcionarios que quer\u00edan ser candidatos deb\u00edan dejar la gesti\u00f3n. Algo que, seg\u00fan repite, tambi\u00e9n impondr\u00e1 este a\u00f1o. Como ministro de Defensa asumi\u00f3 en ese entonces Jorge Taiana, que a\u00fan sigue en cargo. Rossi, m\u00e1s all\u00e1 de su desplazamiento, sigui\u00f3 teniendo buen v\u00ednculo con el Presidente y hasta se convirti\u00f3 en uno de sus hombres de confianza y consulta permanente. Por eso, en junio de 2022 volvi\u00f3 a la gesti\u00f3n, esta vez como titular de la AFI, en reemplazo de su anterior interventora, Cristina Caama\u00f1o.<\/p>\n<p>A\u00fan no se sabe, en caso de que Rossi finalmente sea la persona que fue elegida para ser el jefe de los ministros, qui\u00e9n quedar\u00e1 a cargo de la Agencia de Inteligencia. Es una inc\u00f3gnita para la que tambi\u00e9n habr\u00e1 que esperar. All\u00ed, dicen, ser\u00e1 necesario que asuma alguien con el suficiente peso pol\u00edtico para llevar adelante la tarea que comenz\u00f3 Caama\u00f1o y continu\u00f3 Rossi.<\/p>\n<p>Otros de los que circulaban como posible reemplazo de Manzur eran el embajador argentino en Brasil, Daniel Scioli, y el ministro de Obras P\u00fablicas, Gabriel Katopodis. Desde el entorno de ambos, al cierre de esta edici\u00f3n, segu\u00edan negando esas versiones y dec\u00edan que los ministros no hab\u00edan recibido ofrecimientos.<\/p>\n","protected":false},"excerpt":{"rendered":"<p>Seg\u00fan trascendi\u00f3, a principios de esta semana, el Presidente le ofreci\u00f3 el puesto al titular de la AFI a y \u00e9ste acept\u00f3 el convite. La confirmaci\u00f3n ser\u00e1 en una semana &nbsp; &nbsp; Ya casi no quedan dudas: en Casa Rosada el nombre que m\u00e1s fuerte suena para reemplazar al Jefe de Gabinete, Juan Manzur &#8211;que decidi\u00f3 dejar su cargo para ir a hacer campa\u00f1a a Tucum\u00e1n&#8211; es el de Agust\u00edn Rossi, actual titular de la Agencia Federal de Inteligencia. El martes, antes de que el Presidente viaje a Taf\u00ed Viejo&#8230;<\/p>\n","protected":false},"author":3,"featured_media":97555,"comment_status":"closed","ping_status":"closed","sticky":false,"template":"","format":"standard","meta":[],"categories":[18],"tags":[],"_links":{"self":[{"href":"https:\/\/www.actualidadadiario.com\/index.php\/wp-json\/wp\/v2\/posts\/97554"}],"collection":[{"href":"https:\/\/www.actualidadadiario.com\/index.php\/wp-json\/wp\/v2\/posts"}],"about":[{"href":"https:\/\/www.actualidadadiario.com\/index.php\/wp-json\/wp\/v2\/types\/post"}],"author":[{"embeddable":true,"href":"https:\/\/www.actualidadadiario.com\/index.php\/wp-json\/wp\/v2\/users\/3"}],"replies":[{"embeddable":true,"href":"https:\/\/www.actualidadadiario.com\/index.php\/wp-json\/wp\/v2\/comments?post=97554"}],"version-history":[{"count":1,"href":"https:\/\/www.actualidadadiario.com\/index.php\/wp-json\/wp\/v2\/posts\/97554\/revisions"}],"predecessor-version":[{"id":97556,"href":"https:\/\/www.actualidadadiario.com\/index.php\/wp-json\/wp\/v2\/posts\/97554\/revisions\/97556"}],"wp:featuredmedia":[{"embeddable":true,"href":"https:\/\/www.actualidadadiario.com\/index.php\/wp-json\/wp\/v2\/media\/97555"}],"wp:attachment":[{"href":"https:\/\/www.actualidadadiario.com\/index.php\/wp-json\/wp\/v2\/media?parent=97554"}],"wp:term":[{"taxonomy":"category","embeddable":true,"href":"https:\/\/www.actualidadadiario.com\/index.php\/wp-json\/wp\/v2\/categories?post=97554"},{"taxonomy":"post_tag","embeddable":true,"href":"https:\/\/www.actualidadadiario.com\/index.php\/wp-json\/wp\/v2\/tags?post=97554"}],"curies":[{"name":"wp","href":"https:\/\/api.w.org\/{rel}","templated":true}]}}