{"id":97552,"date":"2023-02-10T14:10:33","date_gmt":"2023-02-10T17:10:33","guid":{"rendered":"https:\/\/www.actualidadadiario.com\/?p=97552"},"modified":"2023-02-10T14:10:33","modified_gmt":"2023-02-10T17:10:33","slug":"atentado-a-cristina-amplian-el-peritaje-de-las-comunicaciones-entre-las-asesoras-del-diputado-milman","status":"publish","type":"post","link":"https:\/\/www.actualidadadiario.com\/index.php\/2023\/02\/10\/atentado-a-cristina-amplian-el-peritaje-de-las-comunicaciones-entre-las-asesoras-del-diputado-milman\/","title":{"rendered":"Atentado a Cristina: ampl\u00edan el peritaje de las comunicaciones entre las asesoras del diputado Milman"},"content":{"rendered":"<p style=\"text-align: center;\"><em><strong>Lo orden\u00f3 la C\u00e1mara Federal ante la queja de los abogados de la Vicepresidenta para que profundicen la investigaci\u00f3n contra las asesoras del diputado, a quien intentan vincular con el atentado que ella sufri\u00f3 el 1 de septiembre pasado<\/strong><\/em><\/p>\n<p>&nbsp;<\/p>\n<p>&nbsp;<\/p>\n<p>La C\u00e1mara Federal porte\u00f1a le orden\u00f3 a la jueza federal Mar\u00eda Eugenia Capuchetti ampliar el per\u00edodo temporal del estudio de los tel\u00e9fonos de Ivana Bohdziewicz y Carolina Elizabeth G\u00f3mez M\u00f3naco, asesoras del diputado de Juntos por el Cambio Gerardo Milman, en el marco de la investigaci\u00f3n por el atentado a la Vicepresidenta de la Naci\u00f3n, Cristina Kirchner, del pasado 1 de septiembre.<\/p>\n<p>Fue un pedido de los abogados de la Vicepresidenta, querellantes en el caso, puesto que la jueza Capuchetti s\u00f3lo hab\u00eda ordenado examinar los celulares en lo que hace a la jornada del 30 de agosto pasado, un d\u00eda antes del atentado, y cuando supuestamente Milman estuvo en un bar frente al Congreso de la Naci\u00f3n y mostr\u00f3 tener conocimiento -seg\u00fan dijo un asesor del Frente de Todos quien declar\u00f3 como testigo- del hecho que se avecinaba.<\/p>\n<p>As\u00ed, los tel\u00e9fonos de las dos asesoras de Milman ser\u00e1 desde el 1 de julio hasta diciembre pasado y lo que se intenta determinar es si en esa reuni\u00f3n, que existi\u00f3 pero que el diputado niega que se haya hablado de un eventual atentado, se ten\u00eda conocimiento de algo que iba a suceder contra la Vicepresidenta.<\/p>\n<p>&#8220;En funci\u00f3n de ello, luce razonable que se realice la b\u00fasqueda de la informaci\u00f3n contenida en los aparatos telef\u00f3nicos secuestrados a Ivana Bohdziewicz y Carolina Elizabeth G\u00f3mez M\u00f3naco, la cual habr\u00e1 de circunscribirse a corroborar o descartar la existencia de cualquier menci\u00f3n a los dichos que, seg\u00fan el testigo Abello, habr\u00eda proferido Gerardo Milman en la jornada del 30 de agosto de 2022 y\/o cualquier menci\u00f3n o texto que pueda vincularse al atentado\u201d, sostuvieron los camaristas Leopoldo Bruglia y Pablo Bertuzzi.<\/p>\n<p>&#8220;En igual sentido consideramos fundamentada debidamente por la parte -en consideraciones de razonabilidad la ampliaci\u00f3n del lapso temporal propuesto, en virtud de lo cual concluiremos que el examen de dicha informaci\u00f3n debe realizarse entre el 1\u00b0 de julio y el 1\u00b0 de diciembre de 2022 -fecha en la que se aportaron los dispositivos en cuesti\u00f3n-; debiendo ser realizado, tal como lo ha sugerido la propia querella, bajo preciso control jurisdiccional y del Ministerio P\u00fablico Fiscal y con restricci\u00f3n de absoluta reserva de toda aquella informaci\u00f3n que no guarde estricta relaci\u00f3n con el caso\u201d, a\u00f1adieron.<\/p>\n<p>El juez Mariano Llorens vot\u00f3 en disidencia al considerar que la propia defensa rest\u00f3 valor a la prueba al considerar que las dos testigos pudieron haber borrado el contenido de los tel\u00e9fonos.<\/p>\n<p>Por el momento, la Vicepresidenta intenta vincular a la oposici\u00f3n con el atentado tanto en lo que hace al hecho como la financiaci\u00f3n puesto que ofreci\u00f3 varias medidas de prueba.<\/p>\n","protected":false},"excerpt":{"rendered":"<p>Lo orden\u00f3 la C\u00e1mara Federal ante la queja de los abogados de la Vicepresidenta para que profundicen la investigaci\u00f3n contra las asesoras del diputado, a quien intentan vincular con el atentado que ella sufri\u00f3 el 1 de septiembre pasado &nbsp; &nbsp; La C\u00e1mara Federal porte\u00f1a le orden\u00f3 a la jueza federal Mar\u00eda Eugenia Capuchetti ampliar el per\u00edodo temporal del estudio de los tel\u00e9fonos de Ivana Bohdziewicz y Carolina Elizabeth G\u00f3mez M\u00f3naco, asesoras del diputado de Juntos por el Cambio Gerardo Milman, en el marco de la investigaci\u00f3n por el atentado&#8230;<\/p>\n","protected":false},"author":3,"featured_media":95351,"comment_status":"closed","ping_status":"closed","sticky":false,"template":"","format":"standard","meta":[],"categories":[18],"tags":[],"_links":{"self":[{"href":"https:\/\/www.actualidadadiario.com\/index.php\/wp-json\/wp\/v2\/posts\/97552"}],"collection":[{"href":"https:\/\/www.actualidadadiario.com\/index.php\/wp-json\/wp\/v2\/posts"}],"about":[{"href":"https:\/\/www.actualidadadiario.com\/index.php\/wp-json\/wp\/v2\/types\/post"}],"author":[{"embeddable":true,"href":"https:\/\/www.actualidadadiario.com\/index.php\/wp-json\/wp\/v2\/users\/3"}],"replies":[{"embeddable":true,"href":"https:\/\/www.actualidadadiario.com\/index.php\/wp-json\/wp\/v2\/comments?post=97552"}],"version-history":[{"count":1,"href":"https:\/\/www.actualidadadiario.com\/index.php\/wp-json\/wp\/v2\/posts\/97552\/revisions"}],"predecessor-version":[{"id":97553,"href":"https:\/\/www.actualidadadiario.com\/index.php\/wp-json\/wp\/v2\/posts\/97552\/revisions\/97553"}],"wp:featuredmedia":[{"embeddable":true,"href":"https:\/\/www.actualidadadiario.com\/index.php\/wp-json\/wp\/v2\/media\/95351"}],"wp:attachment":[{"href":"https:\/\/www.actualidadadiario.com\/index.php\/wp-json\/wp\/v2\/media?parent=97552"}],"wp:term":[{"taxonomy":"category","embeddable":true,"href":"https:\/\/www.actualidadadiario.com\/index.php\/wp-json\/wp\/v2\/categories?post=97552"},{"taxonomy":"post_tag","embeddable":true,"href":"https:\/\/www.actualidadadiario.com\/index.php\/wp-json\/wp\/v2\/tags?post=97552"}],"curies":[{"name":"wp","href":"https:\/\/api.w.org\/{rel}","templated":true}]}}