{"id":97550,"date":"2023-02-10T14:09:37","date_gmt":"2023-02-10T17:09:37","guid":{"rendered":"https:\/\/www.actualidadadiario.com\/?p=97550"},"modified":"2023-02-10T14:09:37","modified_gmt":"2023-02-10T17:09:37","slug":"el-frente-de-todos-le-respondio-a-la-oposicion-por-el-juicio-a-la-corte-a-nosotros-nadie-nos-da-letra","status":"publish","type":"post","link":"https:\/\/www.actualidadadiario.com\/index.php\/2023\/02\/10\/el-frente-de-todos-le-respondio-a-la-oposicion-por-el-juicio-a-la-corte-a-nosotros-nadie-nos-da-letra\/","title":{"rendered":"El Frente de Todos le respondi\u00f3 a la oposici\u00f3n por el juicio a la Corte: \u00abA nosotros nadie nos da letra\u00bb"},"content":{"rendered":"<p style=\"text-align: center;\"><em><strong>El Frente de Todos sali\u00f3 a responderle a Juntos por el Cambio tras ser acusados de que Ricardo Lorenzetti \u00ables daba letra\u00bb<\/strong><\/em><\/p>\n<p>&nbsp;<\/p>\n<p>&nbsp;<\/p>\n<p>Germ\u00e1n Mart\u00ednez, jefe de la bancada del Frente de Todos, le respondi\u00f3 a los miembros de Juntos por el Cambio. El legislador dispar\u00f3 contra dos frentes, el radicalismo y contra la Coalici\u00f3n C\u00edvica. Mario Negri y Juan Manuel L\u00f3pez sostuvieron que el kirchnerismo tiene v\u00ednculos con uno de los magistrado enjuiciados Ricardo Lorenzetti.<\/p>\n<p>La tercera jornada de la Comisi\u00f3n de Juicio Pol\u00edtico, en Diputados, atrajo nuevas disputas entre el oficialismo y la oposici\u00f3n. Una de ellas las comenzaron Mario Negri y Juan Manuel L\u00f3pez, de la UCR y la CC respectivamente. Ambos indicaron que Lorenzetti le \u00abdaba letra\u00bb a los oficialistas. Tambi\u00e9n Negri tild\u00f3 de \u00abventr\u00edculo\u00bb a Alberto Fern\u00e1ndez.<\/p>\n<p>\u00abA nosotros nadie nos da letra y no somos ventr\u00edlocuos de nadie, somos ni m\u00e1s ni menos diputados nacionales que integramos un bloque que le dimos canalizaci\u00f3n parlamentaria a una iniciativa del presidente de la Naci\u00f3n por un grupo importante de gobernadores y que vinimos a dar los debates necesarios para avanzar en ese sentido\u00bb, contest\u00f3 el miembro del Frente de Todos.<\/p>\n<p>El reemplazante de M\u00e1ximo Kirchner en la jefatura se la bancada oficialista, sigui\u00f3 arremetiendo contra los legisladores de Juntos por el Cambio: \u00abMe parece que es una enorme falta de respeto, no solamente a nosotros que estamos ac\u00e1 los integrantes del bloque Frente de Todos, sino tambi\u00e9n a los integrantes de la comisi\u00f3n\u00bb, sostuvo.<\/p>\n<p>El diputado sigui\u00f3 con la idea puesta en la acusaci\u00f3n de tener relaci\u00f3n con uno de los jueces de la Corte Suprema de Justicia. Mart\u00ednez hizo recordar que lejos est\u00e1 de existir contacto con Lorenzetti: \u00abNo solamente no nos da letra, sino que yo al menos no tengo problema, les doy mi tel\u00e9fono. F\u00edjense si hay alguien que a 50 kil\u00f3metros de Lorenzetti que tenga vinculaci\u00f3n conmigo\u00ab, concluy\u00f3.<\/p>\n","protected":false},"excerpt":{"rendered":"<p>El Frente de Todos sali\u00f3 a responderle a Juntos por el Cambio tras ser acusados de que Ricardo Lorenzetti \u00ables daba letra\u00bb &nbsp; &nbsp; Germ\u00e1n Mart\u00ednez, jefe de la bancada del Frente de Todos, le respondi\u00f3 a los miembros de Juntos por el Cambio. El legislador dispar\u00f3 contra dos frentes, el radicalismo y contra la Coalici\u00f3n C\u00edvica. Mario Negri y Juan Manuel L\u00f3pez sostuvieron que el kirchnerismo tiene v\u00ednculos con uno de los magistrado enjuiciados Ricardo Lorenzetti. La tercera jornada de la Comisi\u00f3n de Juicio Pol\u00edtico, en Diputados, atrajo nuevas&#8230;<\/p>\n","protected":false},"author":3,"featured_media":85103,"comment_status":"closed","ping_status":"closed","sticky":false,"template":"","format":"standard","meta":[],"categories":[18],"tags":[],"_links":{"self":[{"href":"https:\/\/www.actualidadadiario.com\/index.php\/wp-json\/wp\/v2\/posts\/97550"}],"collection":[{"href":"https:\/\/www.actualidadadiario.com\/index.php\/wp-json\/wp\/v2\/posts"}],"about":[{"href":"https:\/\/www.actualidadadiario.com\/index.php\/wp-json\/wp\/v2\/types\/post"}],"author":[{"embeddable":true,"href":"https:\/\/www.actualidadadiario.com\/index.php\/wp-json\/wp\/v2\/users\/3"}],"replies":[{"embeddable":true,"href":"https:\/\/www.actualidadadiario.com\/index.php\/wp-json\/wp\/v2\/comments?post=97550"}],"version-history":[{"count":1,"href":"https:\/\/www.actualidadadiario.com\/index.php\/wp-json\/wp\/v2\/posts\/97550\/revisions"}],"predecessor-version":[{"id":97551,"href":"https:\/\/www.actualidadadiario.com\/index.php\/wp-json\/wp\/v2\/posts\/97550\/revisions\/97551"}],"wp:featuredmedia":[{"embeddable":true,"href":"https:\/\/www.actualidadadiario.com\/index.php\/wp-json\/wp\/v2\/media\/85103"}],"wp:attachment":[{"href":"https:\/\/www.actualidadadiario.com\/index.php\/wp-json\/wp\/v2\/media?parent=97550"}],"wp:term":[{"taxonomy":"category","embeddable":true,"href":"https:\/\/www.actualidadadiario.com\/index.php\/wp-json\/wp\/v2\/categories?post=97550"},{"taxonomy":"post_tag","embeddable":true,"href":"https:\/\/www.actualidadadiario.com\/index.php\/wp-json\/wp\/v2\/tags?post=97550"}],"curies":[{"name":"wp","href":"https:\/\/api.w.org\/{rel}","templated":true}]}}