{"id":97547,"date":"2023-02-10T14:08:34","date_gmt":"2023-02-10T17:08:34","guid":{"rendered":"https:\/\/www.actualidadadiario.com\/?p=97547"},"modified":"2023-02-10T14:08:34","modified_gmt":"2023-02-10T17:08:34","slug":"el-oficialismo-dio-un-paso-clave-para-el-juicio-politico-a-la-corte-suprema","status":"publish","type":"post","link":"https:\/\/www.actualidadadiario.com\/index.php\/2023\/02\/10\/el-oficialismo-dio-un-paso-clave-para-el-juicio-politico-a-la-corte-suprema\/","title":{"rendered":"El oficialismo dio un paso clave para el juicio pol\u00edtico a la Corte Suprema"},"content":{"rendered":"<p style=\"text-align: center;\"><em><strong>Con 16 firmas sobre un total de 31 en la Comisi\u00f3n de Juicio Pol\u00edtico, el Frente de Todos dio un paso clave y el jueves comenzar\u00e1 la etapa de producci\u00f3n de pruebas<\/strong><\/em><\/p>\n<p>&nbsp;<\/p>\n<p>&nbsp;<\/p>\n<p>&nbsp;<\/p>\n<p>El oficialismo aprob\u00f3 en Diputados la resoluci\u00f3n para declarar la admisibilidad de la investigaci\u00f3n de los pedidos de juicio pol\u00edtico contra los cuatro integrantes de la Corte Suprema.<\/p>\n<p>Con 16 firmas sobre un total de 31 en la Comisi\u00f3n de Juicio Pol\u00edtico, el Frente de Todos dio un paso clave y el jueves comenzar\u00e1 la etapa de producci\u00f3n de pruebas, que incluir\u00e1 la citaci\u00f3n tanto de testigos como de los propios acusados. En la pr\u00f3xima reuni\u00f3n informativa, de todos modos, no est\u00e1 prevista la presencia de testigos sino que se pasar\u00e1n en limpio la metodolog\u00eda y el cronograma de trabajo.<\/p>\n<p>Juntos por el Cambio present\u00f3 una resoluci\u00f3n propia de &#8220;rechazo in limine&#8221; a la declaraci\u00f3n de admisibilidad de los pedidos de juicio pol\u00edtico, aunque all\u00ed mencionaron \u00fanicamente doce de los catorce expedientes.<\/p>\n<p>No casualmente se dejaron afuera los pedidos de juicio pol\u00edtico que la Coalici\u00f3n C\u00edvica impulsa desde el 2017 contra Ricardo Lorenzetti por el manejo discrecional de recursos extrapresupuestarios y concentraci\u00f3n de poder cuando era presidente del m\u00e1ximo tribunal.<\/p>\n<p>A los representantes de la Coalici\u00f3n C\u00edvica se los vio durante todo el debate defendiendo una posici\u00f3n inc\u00f3moda, despeg\u00e1ndose del oficialismo e intentando que no se noten demasiado las diferencias de criterio con el resto del interbloque opositor, que no apoya ninguno de los catorce pedidos de juicio pol\u00edtico para los magistrados.<\/p>\n<p>Luego de la lectura del informe de la presidencia recomendando la apertura del sumario de investigaci\u00f3n en base a las semipruebas presentadas en los expedientes, el vicepresidente de la comisi\u00f3n, Juan Manuel L\u00f3pez (Coalici\u00f3n C\u00edvica), tom\u00f3 la palabra para fundamentar &#8220;el rechazo in limine&#8221; de la declaraci\u00f3n de admisibilidad.<\/p>\n<p>Seg\u00fan se\u00f1al\u00f3 el diputado opositor, el juicio pol\u00edtico a la Corte Suprema que impulsa el oficialismo es &#8220;una maniobra orquestada de manera muy torpe, rudimentaria y burda&#8221; basada en &#8220;acusaciones falsas&#8221; y afirm\u00f3 que lo que les molesta es el contenido de las sentencias.<\/p>\n<p>A su turno, el presidente del bloque de diputados de la UCR, Mario Negri, sostuvo que los jueces de la Corte &#8220;no han incurrido en delito alguno o mal desempe\u00f1o&#8221; en los cargos que se les imputan en los pedidos de juicio pol\u00edtico y agreg\u00f3 que el oficialismo &#8220;le declar\u00f3 la guerra a la Constituci\u00f3n&#8221;.<\/p>\n<p>A continuaci\u00f3n, el oficialista Leopoldo Moreau record\u00f3 que cuando se debati\u00f3 el mal desempe\u00f1o de los jueces de la Corte de la llamada &#8220;mayor\u00eda autom\u00e1tica&#8221; del menemismo, en un dictamen firmado por Elisa Carri\u00f3, la ex diputada nacional de la Coalici\u00f3n C\u00edvica sostuvo que la C\u00e1mara deb\u00eda &#8220;analizar sus sentencias, sus fundamentos y sus consecuencias&#8221;. &#8220;Se ha dicho que no se puede avanzar sobre el contenido de las sentencias y esto lo contradice la historia&#8221;, expres\u00f3 y se\u00f1al\u00f3 que &#8220;los jueces producen sentencias y los juzgamos por los resultados&#8221;.<\/p>\n<p>Asimismo, Moreau destac\u00f3 que &#8220;la Corte Suprema no tiene instancia de revisi\u00f3n, salvo la Comisi\u00f3n de Juicio Pol\u00edtico de la C\u00e1mara de Diputados&#8221;, que debe activarse &#8220;cuando las sentencias se usan como un instrumento espurio&#8221;.<\/p>\n","protected":false},"excerpt":{"rendered":"<p>Con 16 firmas sobre un total de 31 en la Comisi\u00f3n de Juicio Pol\u00edtico, el Frente de Todos dio un paso clave y el jueves comenzar\u00e1 la etapa de producci\u00f3n de pruebas &nbsp; &nbsp; &nbsp; El oficialismo aprob\u00f3 en Diputados la resoluci\u00f3n para declarar la admisibilidad de la investigaci\u00f3n de los pedidos de juicio pol\u00edtico contra los cuatro integrantes de la Corte Suprema. Con 16 firmas sobre un total de 31 en la Comisi\u00f3n de Juicio Pol\u00edtico, el Frente de Todos dio un paso clave y el jueves comenzar\u00e1 la&#8230;<\/p>\n","protected":false},"author":3,"featured_media":97548,"comment_status":"closed","ping_status":"closed","sticky":false,"template":"","format":"standard","meta":[],"categories":[9],"tags":[],"_links":{"self":[{"href":"https:\/\/www.actualidadadiario.com\/index.php\/wp-json\/wp\/v2\/posts\/97547"}],"collection":[{"href":"https:\/\/www.actualidadadiario.com\/index.php\/wp-json\/wp\/v2\/posts"}],"about":[{"href":"https:\/\/www.actualidadadiario.com\/index.php\/wp-json\/wp\/v2\/types\/post"}],"author":[{"embeddable":true,"href":"https:\/\/www.actualidadadiario.com\/index.php\/wp-json\/wp\/v2\/users\/3"}],"replies":[{"embeddable":true,"href":"https:\/\/www.actualidadadiario.com\/index.php\/wp-json\/wp\/v2\/comments?post=97547"}],"version-history":[{"count":1,"href":"https:\/\/www.actualidadadiario.com\/index.php\/wp-json\/wp\/v2\/posts\/97547\/revisions"}],"predecessor-version":[{"id":97549,"href":"https:\/\/www.actualidadadiario.com\/index.php\/wp-json\/wp\/v2\/posts\/97547\/revisions\/97549"}],"wp:featuredmedia":[{"embeddable":true,"href":"https:\/\/www.actualidadadiario.com\/index.php\/wp-json\/wp\/v2\/media\/97548"}],"wp:attachment":[{"href":"https:\/\/www.actualidadadiario.com\/index.php\/wp-json\/wp\/v2\/media?parent=97547"}],"wp:term":[{"taxonomy":"category","embeddable":true,"href":"https:\/\/www.actualidadadiario.com\/index.php\/wp-json\/wp\/v2\/categories?post=97547"},{"taxonomy":"post_tag","embeddable":true,"href":"https:\/\/www.actualidadadiario.com\/index.php\/wp-json\/wp\/v2\/tags?post=97547"}],"curies":[{"name":"wp","href":"https:\/\/api.w.org\/{rel}","templated":true}]}}