{"id":97542,"date":"2023-02-10T14:06:49","date_gmt":"2023-02-10T17:06:49","guid":{"rendered":"https:\/\/www.actualidadadiario.com\/?p=97542"},"modified":"2023-02-10T14:06:49","modified_gmt":"2023-02-10T17:06:49","slug":"los-colegios-privados-no-pagaran-contribuciones-patronales","status":"publish","type":"post","link":"https:\/\/www.actualidadadiario.com\/index.php\/2023\/02\/10\/los-colegios-privados-no-pagaran-contribuciones-patronales\/","title":{"rendered":"Los colegios privados no pagar\u00e1n contribuciones patronales"},"content":{"rendered":"<p style=\"text-align: center;\"><em><strong>Desde 2001 y en sucesivas oportunidades se viene eximiendo por decreto a los colegios privados de los aportes patronales<\/strong><\/em><\/p>\n<p>&nbsp;<\/p>\n<p>&nbsp;<\/p>\n<p>El Gobierno prorrog\u00f3 este viernes hasta fin de a\u00f1o la eximici\u00f3n que gozan las instituciones privadas de ense\u00f1anza del pago de contribuciones patronales, a trav\u00e9s del decreto 69\/2023.<\/p>\n<p>Esta semana, el ministro de Econom\u00eda, Sergio Massa, anunci\u00f3 un acuerdo con las c\u00e1maras de colegios privados que contiene &#8220;una pauta de aumento que pretende establecer un mecanismo hasta junio que no supere la meta inflacionaria&#8221;.<\/p>\n<p>Este acuerdo &#8220;nos permite bajar hasta m\u00e1s de la mitad el aumento de inicio en 16,38% y a partir de ah\u00ed recorrer un sendero de 3,35% hasta junio&#8221;, anunci\u00f3 Massa.<\/p>\n<p>El ministro hab\u00eda se\u00f1alado que en varias jurisdicciones ya se reportaban aumentos en torno al 40% para el comienzo del a\u00f1o.<\/p>\n<p>Junto con esto, Massa anticip\u00f3 que buscar\u00e1 un acuerdo con todas las jurisdicciones para que los colegios privados paguen los servicios de luz y gas bajo un esquema similar al que existe para los clubes de barrio, enmarcado en la tarea social que realizan.<\/p>\n<p>Por su parte, el ministro de Educaci\u00f3n, Jaime Perczyk, anunci\u00f3 que dieciocho provincias adherir\u00e1n al tope de aumentos en las cuotas de los colegios privados acordado por el Gobierno.<\/p>\n<p>Desde 2001 y en sucesivas oportunidades se viene eximiendo por decreto a los colegios privados de los aportes patronales. Esto cobra especial relevancia si se considera que en el promedio del pa\u00eds las escuelas privadas representan el 25% de la educaci\u00f3n, mientras que en algunas, como en la Ciudad de Buenos Aires, se acercan a la paridad con la educaci\u00f3n p\u00fablica.<\/p>\n<p>En diciembre de 2019, la Ley de Solidaridad Social y Reactivaci\u00f3n Productiva en el Marco de la Emergencia P\u00fablica estableci\u00f3 entre otras cuestiones nuevas al\u00edcuotas a las contribuciones patronales, eximi\u00f3 a los empleadores titulares de establecimientos educativos de gesti\u00f3n privada hasta fin de 2020, y facult\u00f3 al Poder Ejecutivo a prorrogar la eximici\u00f3n, lo que se hizo por decreto en 2021 y 2022.<\/p>\n<p>En esta oportunidad, el Gobierno destac\u00f3 que &#8220;el principal costo operativo y financiero de los establecimientos educativos de gesti\u00f3n privada est\u00e1 representado por el componente salarial, en el que se incluyen las correspondientes contribuciones patronales&#8221;.<\/p>\n<p>Adem\u00e1s indic\u00f3 que de no prorrogarse la eximici\u00f3n &#8220;se producir\u00eda un incremento desmesurado en las contribuciones patronales a pagar por las instituciones, el que ser\u00eda incluso mayor en jurisdicciones alejadas de la ciudad y la provincia de Buenos Aires, ya que las reducciones de las que actualmente se benefician estos establecimientos difieren en las diversas \u00e1reas y regiones del pa\u00eds conforme a la normativa vigente&#8221;.<\/p>\n<p>En ese sentido, subray\u00f3 que &#8220;el incremento de las contribuciones patronales generar\u00e1 un aumento importante en las partidas presupuestarias de las provincias, ya que el aporte estatal no solo contribuye para el pago de los sueldos de los y las docentes curriculares sino tambi\u00e9n al pago de las contribuciones patronales de aquellos salarios&#8221;.<\/p>\n<p>Por otra parte, se\u00f1al\u00f3 que &#8220;en los casos en los cuales el instituto educativo no reciba aporte estatal, o lo reciba parcialmente, el significativo aumento de las contribuciones patronales originar\u00e1 incrementos importantes en el valor de los aranceles que abonan las familias por los servicios educativos y afectar\u00e1 su econom\u00eda&#8221;.<\/p>\n<p>&#8220;Es prioridad del Gobierno promover una educaci\u00f3n cada vez m\u00e1s inclusiva y generadora de oportunidades para todo el territorio argentino&#8221;, concluy\u00f3 el decreto.<\/p>\n<p>En este mismo sentido el Gobierno tambi\u00e9n incluy\u00f3 310 productos de la canasta escolar en el programa de Precios Justos.<\/p>\n","protected":false},"excerpt":{"rendered":"<p>Desde 2001 y en sucesivas oportunidades se viene eximiendo por decreto a los colegios privados de los aportes patronales &nbsp; &nbsp; El Gobierno prorrog\u00f3 este viernes hasta fin de a\u00f1o la eximici\u00f3n que gozan las instituciones privadas de ense\u00f1anza del pago de contribuciones patronales, a trav\u00e9s del decreto 69\/2023. Esta semana, el ministro de Econom\u00eda, Sergio Massa, anunci\u00f3 un acuerdo con las c\u00e1maras de colegios privados que contiene &#8220;una pauta de aumento que pretende establecer un mecanismo hasta junio que no supere la meta inflacionaria&#8221;. Este acuerdo &#8220;nos permite bajar&#8230;<\/p>\n","protected":false},"author":3,"featured_media":97389,"comment_status":"closed","ping_status":"closed","sticky":false,"template":"","format":"standard","meta":[],"categories":[2],"tags":[],"_links":{"self":[{"href":"https:\/\/www.actualidadadiario.com\/index.php\/wp-json\/wp\/v2\/posts\/97542"}],"collection":[{"href":"https:\/\/www.actualidadadiario.com\/index.php\/wp-json\/wp\/v2\/posts"}],"about":[{"href":"https:\/\/www.actualidadadiario.com\/index.php\/wp-json\/wp\/v2\/types\/post"}],"author":[{"embeddable":true,"href":"https:\/\/www.actualidadadiario.com\/index.php\/wp-json\/wp\/v2\/users\/3"}],"replies":[{"embeddable":true,"href":"https:\/\/www.actualidadadiario.com\/index.php\/wp-json\/wp\/v2\/comments?post=97542"}],"version-history":[{"count":1,"href":"https:\/\/www.actualidadadiario.com\/index.php\/wp-json\/wp\/v2\/posts\/97542\/revisions"}],"predecessor-version":[{"id":97543,"href":"https:\/\/www.actualidadadiario.com\/index.php\/wp-json\/wp\/v2\/posts\/97542\/revisions\/97543"}],"wp:featuredmedia":[{"embeddable":true,"href":"https:\/\/www.actualidadadiario.com\/index.php\/wp-json\/wp\/v2\/media\/97389"}],"wp:attachment":[{"href":"https:\/\/www.actualidadadiario.com\/index.php\/wp-json\/wp\/v2\/media?parent=97542"}],"wp:term":[{"taxonomy":"category","embeddable":true,"href":"https:\/\/www.actualidadadiario.com\/index.php\/wp-json\/wp\/v2\/categories?post=97542"},{"taxonomy":"post_tag","embeddable":true,"href":"https:\/\/www.actualidadadiario.com\/index.php\/wp-json\/wp\/v2\/tags?post=97542"}],"curies":[{"name":"wp","href":"https:\/\/api.w.org\/{rel}","templated":true}]}}