{"id":97528,"date":"2023-02-10T14:03:14","date_gmt":"2023-02-10T17:03:14","guid":{"rendered":"https:\/\/www.actualidadadiario.com\/?p=97528"},"modified":"2023-02-10T14:03:14","modified_gmt":"2023-02-10T17:03:14","slug":"quedo-reglamentada-la-ley-de-proteccion-integral-para-ninos-y-adolescentes-con-cancer","status":"publish","type":"post","link":"https:\/\/www.actualidadadiario.com\/index.php\/2023\/02\/10\/quedo-reglamentada-la-ley-de-proteccion-integral-para-ninos-y-adolescentes-con-cancer\/","title":{"rendered":"Qued\u00f3 reglamentada la ley de Protecci\u00f3n Integral para Ni\u00f1os y Adolescentes con C\u00e1ncer"},"content":{"rendered":"<p style=\"text-align: center;\"><em><strong>La normativa busca reducir la morbimortalidad en estos grupos etarios y garantizar sus derechos en todas las fases de estas enfermedades. Adem\u00e1s, establece una asignaci\u00f3n econ\u00f3mica provista por la Anses a pacientes que est\u00e9n con tratamiento activo<\/strong><\/em><\/p>\n<p>&nbsp;<\/p>\n<p>&nbsp;<\/p>\n<p>El gobierno public\u00f3 este viernes el decreto con el que entra en vigencia la reglamentaci\u00f3n de la ley de Creaci\u00f3n del R\u00e9gimen de Protecci\u00f3n Integral del Ni\u00f1o, Ni\u00f1a y Adolescente con C\u00e1ncer, que tiene como objetivo garantizar la equidad y calidad en el acceso al diagn\u00f3stico y al tratamiento en todo el pa\u00eds.<\/p>\n<p>La reglamentaci\u00f3n se efectiviz\u00f3 a trav\u00e9s del decreto 68\/2023 publicado este viernes en el Bolet\u00edn Oficial con las firmas del presidente Alberto Fern\u00e1ndez; el jefe de Gabinete, Juan Manzur; y la ministra de Salud, Carla Vizzotti.<\/p>\n<p>La ley de Creaci\u00f3n del R\u00e9gimen de Protecci\u00f3n Integral del Ni\u00f1o, Ni\u00f1a y Adolescente con C\u00e1ncer N\u00ba 27.674 fue aprobada por unanimidad en junio de 2022 por el Congreso de la Naci\u00f3n.<\/p>\n<p>La normativa crea el Programa Nacional de Cuidado Integral del Ni\u00f1o, Ni\u00f1a y Adolescente con C\u00e1ncer que busca reducir la morbimortalidad en estos grupos etarios y garantizar sus derechos en todas las fases de estas enfermedades.<\/p>\n<p>&nbsp;<\/p>\n<p><strong>En qu\u00e9 consiste el Programa de Cuidado <\/strong><\/p>\n<p>Establece una asignaci\u00f3n econ\u00f3mica provista por la Administraci\u00f3n Nacional de la Seguridad Social (Anses) a los pacientes que se encuentren con tratamiento activo.<\/p>\n<p>Tambi\u00e9n contempla la gratuidad para viajar en el transporte p\u00fablico, la garant\u00eda para el acceso a la educaci\u00f3n y a una vivienda adecuada o a la adaptaci\u00f3n de la vivienda familiar para los pacientes en situaci\u00f3n de vulnerabilidad social.<\/p>\n<p>Asimismo, la emisi\u00f3n de licencias laborales especiales destinadas a uno de los progenitores o a quien este cargo del acompa\u00f1amiento del paciente, que est\u00e9n en relaci\u00f3n de dependencia.<\/p>\n<p>En este caso, durante la licencia el trabajador o la trabajadora percibir\u00e1 una suma igual a la remuneraci\u00f3n bruta que le hubiese correspondido percibir, indicaron en un comunicado.<\/p>\n<p>La iniciativa establece la obligatoriedad de inscripci\u00f3n en el Registro Oncopedi\u00e1trico Hospitalario Argentino (ROHA), dependiente del Instituto Nacional del C\u00e1ncer, de los pacientes de hasta 18 a\u00f1os de edad inclusive, tanto de instituciones p\u00fablicas y privadas, as\u00ed como la creaci\u00f3n de un Centro Coordinador que depender\u00e1 del Ministerio de Salud y funcionar\u00e1 en el \u00e1mbito del Hospital Garrahan.<\/p>\n<p>La autoridad de aplicaci\u00f3n ser\u00e1 el Instituto Nacional del C\u00e1ncer, organismo descentralizado actuante en el \u00e1mbito del ministerio de Salud, que deber\u00e1 coordinar con las jurisdicciones y organismos nacionales competentes en la materia.<\/p>\n","protected":false},"excerpt":{"rendered":"<p>La normativa busca reducir la morbimortalidad en estos grupos etarios y garantizar sus derechos en todas las fases de estas enfermedades. Adem\u00e1s, establece una asignaci\u00f3n econ\u00f3mica provista por la Anses a pacientes que est\u00e9n con tratamiento activo &nbsp; &nbsp; El gobierno public\u00f3 este viernes el decreto con el que entra en vigencia la reglamentaci\u00f3n de la ley de Creaci\u00f3n del R\u00e9gimen de Protecci\u00f3n Integral del Ni\u00f1o, Ni\u00f1a y Adolescente con C\u00e1ncer, que tiene como objetivo garantizar la equidad y calidad en el acceso al diagn\u00f3stico y al tratamiento en todo&#8230;<\/p>\n","protected":false},"author":3,"featured_media":97529,"comment_status":"closed","ping_status":"closed","sticky":false,"template":"","format":"standard","meta":[],"categories":[9],"tags":[],"_links":{"self":[{"href":"https:\/\/www.actualidadadiario.com\/index.php\/wp-json\/wp\/v2\/posts\/97528"}],"collection":[{"href":"https:\/\/www.actualidadadiario.com\/index.php\/wp-json\/wp\/v2\/posts"}],"about":[{"href":"https:\/\/www.actualidadadiario.com\/index.php\/wp-json\/wp\/v2\/types\/post"}],"author":[{"embeddable":true,"href":"https:\/\/www.actualidadadiario.com\/index.php\/wp-json\/wp\/v2\/users\/3"}],"replies":[{"embeddable":true,"href":"https:\/\/www.actualidadadiario.com\/index.php\/wp-json\/wp\/v2\/comments?post=97528"}],"version-history":[{"count":1,"href":"https:\/\/www.actualidadadiario.com\/index.php\/wp-json\/wp\/v2\/posts\/97528\/revisions"}],"predecessor-version":[{"id":97530,"href":"https:\/\/www.actualidadadiario.com\/index.php\/wp-json\/wp\/v2\/posts\/97528\/revisions\/97530"}],"wp:featuredmedia":[{"embeddable":true,"href":"https:\/\/www.actualidadadiario.com\/index.php\/wp-json\/wp\/v2\/media\/97529"}],"wp:attachment":[{"href":"https:\/\/www.actualidadadiario.com\/index.php\/wp-json\/wp\/v2\/media?parent=97528"}],"wp:term":[{"taxonomy":"category","embeddable":true,"href":"https:\/\/www.actualidadadiario.com\/index.php\/wp-json\/wp\/v2\/categories?post=97528"},{"taxonomy":"post_tag","embeddable":true,"href":"https:\/\/www.actualidadadiario.com\/index.php\/wp-json\/wp\/v2\/tags?post=97528"}],"curies":[{"name":"wp","href":"https:\/\/api.w.org\/{rel}","templated":true}]}}