{"id":97522,"date":"2023-02-09T16:11:24","date_gmt":"2023-02-09T19:11:24","guid":{"rendered":"https:\/\/www.actualidadadiario.com\/?p=97522"},"modified":"2023-02-09T16:11:24","modified_gmt":"2023-02-09T19:11:24","slug":"chile-toque-de-queda-por-los-incendios-forestales","status":"publish","type":"post","link":"https:\/\/www.actualidadadiario.com\/index.php\/2023\/02\/09\/chile-toque-de-queda-por-los-incendios-forestales\/","title":{"rendered":"Chile: toque de queda por los incendios forestales"},"content":{"rendered":"<p style=\"text-align: center;\"><em><strong>Los incendios forestales en el centro y sur de Chile derivaron en la decisi\u00f3n de declarar toque de queda en algunos sectores de las regiones de Biob\u00edo y La Araucan\u00eda, que entrar\u00e1 en vigencia a partir de este viernes. La necesidad de tomar esa medida ya hab\u00eda sido anunciada por el presidente chileno, Gabriel Boric, esta semana. Seg\u00fan el \u00faltimo balance, son 24 los fallecidos como consecuencia de los incendios forestales, 1.180 las viviendas destruidas, 5.599 damnificados y 889 los albergados<\/strong><\/em><\/p>\n<p>&nbsp;<\/p>\n<p>&nbsp;<\/p>\n<p>&nbsp;<\/p>\n<p>El general de brigada Rub\u00e9n Castillo, y el jefe de la Defensa para la regi\u00f3n del Biob\u00edo, Jorge Keitel, confirmaron que algunas zonas de las regiones de La Araucan\u00eda y Biob\u00edo entrar\u00e1n a partir de ma\u00f1ana en toque de queda. En detalle, para la regi\u00f3n de La Araucan\u00eda, la provincia de Malleco entrar\u00e1 en toque de queda, a excepci\u00f3n de la comuna de Lonquimay; y en la provincia de Caut\u00edn, las comunas de Galvarino y Lautaro.<\/p>\n<p>En la regi\u00f3n del Biob\u00edo, se inform\u00f3 que ocho comunas entrar\u00e1n en toque de queda, siendo Arauco y Contulmo en la provincia de Arauco; Mulch\u00e9n y Nacimiento en la provincia de Biob\u00edo; Tom\u00e9, Florida, Santa Juana y Hualqui en la provincia de Concepci\u00f3n.<\/p>\n<p>La medida comenzar\u00e1 a regir a partir del viernes 10 de febrero entre las 00 y las 05 horas. Cabe recordar que la decisi\u00f3n de implementar los toque de queda est\u00e1 en manos de los jefes militares designados por el presidente de Chile, Gabriel Boric, quienes determinan las zonas y horarios donde se puede implementar la medida, aunque el jefe de Estado hab\u00eda adelantado ayer que consideraban necesaria la medida para aumentar la seguridad.<\/p>\n<p>Durante la ma\u00f1ana, la ministra vocera de Gobierno, Camila Vallejo, anunci\u00f3 13 medidas de apoyo para las familias damnificadas por los incendios forestales.<\/p>\n<p>\u201cYa podemos confirmar 13 medidas de apoyo a las comunidades, una de ellas ya lo mencion\u00f3 el presidente, quien confirm\u00f3 la disposici\u00f3n a partir del d\u00eda lunes del bono de recuperaci\u00f3n de entre 750.000 y 1.500.000 pesos chilenos (entre 940 y 1.880 d\u00f3lares) dependiendo del grado de afectaci\u00f3n de la familia\u201d, se\u00f1al\u00f3 Vallejo.<\/p>\n<p>Asimismo, la ministra inform\u00f3 de la entrega de viviendas transitorias dignas de \u201calto est\u00e1ndar\u201d para las familias damnificadas por los incendios forestales y que han significado una inversi\u00f3n importante por parte del Servicio Nacional de Prevenci\u00f3n y Respuesta ante Desastres (Senapred).<\/p>\n<p>\u201cNo son las viviendas definitivas, son transitorias, que se van a ir entregando en la medida que los terrenos y espacios est\u00e9n habilitados para ello\u201d, detall\u00f3 la vocera de Gobierno. Tambi\u00e9n, se inform\u00f3 de medidas que atienden servicios p\u00fablicos para las zonas afectadas como Registro Civil, Banco Estado, Registro Social de Hogares, entre otros.<\/p>\n<p>Seg\u00fan el \u00faltimo balance realizado por el subsecretario de Interior, Manuel Monsalve, unos 6.000 brigadistas, bomberos y efectivos de distintas fuerzas de seguridad trabajan para combatir los incendios forestales. El funcionario comunic\u00f3 que 2.051 efectivos de Bomberos combaten los incendios forestales, a los cuales se sumaron 1.074 m\u00e1s desde distintas regiones del pa\u00eds.<\/p>\n<p>La Corporaci\u00f3n Nacional Forestal (Conaf) dispuso de 134 brigadistas, 47 aeronaves y 12 aeronaves adicionales contratadas por el Servicio Nacional de Prevenci\u00f3n y Respuesta ante Desastres (Senapred). Adicionalmente, Monsalve comunic\u00f3 que las empresas forestales tambi\u00e9n aportaron 54 brigadistas y 14 aeronaves para combatir los incendios.<\/p>\n<p>\u201cTambi\u00e9n hay 1.941 efectivos desplegados de las Fuerzas Armadas en las regiones con Estado de Excepci\u00f3n, 987 efectivos de Carabineros, 476 efectivos de la Polic\u00eda de Investigaciones\u201d, precis\u00f3 Monsalve.<\/p>\n<p>El subsecretario de Interior comunic\u00f3 que actualmente hay 326 incendios forestales activos en el pa\u00eds, de los cuales 89 est\u00e1n en combate y 186 controlados.<\/p>\n<p>Adem\u00e1s se inform\u00f3 que se han enviado 207 mensajes de alertas SAE (Sistema de Alerta de Emergencias para celulares) para que las personas evacuen sectores poblados, de ellos 15 en las \u00faltimas 24 horas. Hasta el momento son 17 los detenidos por su posible vinculaci\u00f3n a hechos relacionados con los incendios, mientras que la Polic\u00eda de Investigaciones lleva adelante 23 operativos ordenados por la justicia.<\/p>\n<p>Por otra parte, las autoridades chilenas indicaron que se mantiene el aviso de altas temperaturas de Coquimbo hasta La Araucan\u00eda. Sobre este punto, la Direcci\u00f3n Meteorol\u00f3gica mantiene la alarma en las zonas de Valle y Precordillera de las regiones de Maule y \u00d1uble, donde se registrar\u00e1n temperaturas sobre los 35 grados hasta este 9 de febrero.<\/p>\n<p>A consecuencia de los incendios, tambi\u00e9n declararon emergencias y preemergencias por la nube de humo que cubre gran parte del territorio chileno, incluido la ciudad de Santiago. En tanto, las alertas rojas se mantienen en las regiones de \u00d1uble, Biob\u00edo y La Araucan\u00eda producto de los incendios forestales.<\/p>\n","protected":false},"excerpt":{"rendered":"<p>Los incendios forestales en el centro y sur de Chile derivaron en la decisi\u00f3n de declarar toque de queda en algunos sectores de las regiones de Biob\u00edo y La Araucan\u00eda, que entrar\u00e1 en vigencia a partir de este viernes. La necesidad de tomar esa medida ya hab\u00eda sido anunciada por el presidente chileno, Gabriel Boric, esta semana. Seg\u00fan el \u00faltimo balance, son 24 los fallecidos como consecuencia de los incendios forestales, 1.180 las viviendas destruidas, 5.599 damnificados y 889 los albergados &nbsp; &nbsp; &nbsp; El general de brigada Rub\u00e9n Castillo,&#8230;<\/p>\n","protected":false},"author":3,"featured_media":97523,"comment_status":"closed","ping_status":"closed","sticky":false,"template":"","format":"standard","meta":[],"categories":[4],"tags":[],"_links":{"self":[{"href":"https:\/\/www.actualidadadiario.com\/index.php\/wp-json\/wp\/v2\/posts\/97522"}],"collection":[{"href":"https:\/\/www.actualidadadiario.com\/index.php\/wp-json\/wp\/v2\/posts"}],"about":[{"href":"https:\/\/www.actualidadadiario.com\/index.php\/wp-json\/wp\/v2\/types\/post"}],"author":[{"embeddable":true,"href":"https:\/\/www.actualidadadiario.com\/index.php\/wp-json\/wp\/v2\/users\/3"}],"replies":[{"embeddable":true,"href":"https:\/\/www.actualidadadiario.com\/index.php\/wp-json\/wp\/v2\/comments?post=97522"}],"version-history":[{"count":1,"href":"https:\/\/www.actualidadadiario.com\/index.php\/wp-json\/wp\/v2\/posts\/97522\/revisions"}],"predecessor-version":[{"id":97524,"href":"https:\/\/www.actualidadadiario.com\/index.php\/wp-json\/wp\/v2\/posts\/97522\/revisions\/97524"}],"wp:featuredmedia":[{"embeddable":true,"href":"https:\/\/www.actualidadadiario.com\/index.php\/wp-json\/wp\/v2\/media\/97523"}],"wp:attachment":[{"href":"https:\/\/www.actualidadadiario.com\/index.php\/wp-json\/wp\/v2\/media?parent=97522"}],"wp:term":[{"taxonomy":"category","embeddable":true,"href":"https:\/\/www.actualidadadiario.com\/index.php\/wp-json\/wp\/v2\/categories?post=97522"},{"taxonomy":"post_tag","embeddable":true,"href":"https:\/\/www.actualidadadiario.com\/index.php\/wp-json\/wp\/v2\/tags?post=97522"}],"curies":[{"name":"wp","href":"https:\/\/api.w.org\/{rel}","templated":true}]}}