{"id":97509,"date":"2023-02-09T16:07:22","date_gmt":"2023-02-09T19:07:22","guid":{"rendered":"https:\/\/www.actualidadadiario.com\/?p=97509"},"modified":"2023-02-09T16:07:22","modified_gmt":"2023-02-09T19:07:22","slug":"agmer-convoco-a-congreso-provincial","status":"publish","type":"post","link":"https:\/\/www.actualidadadiario.com\/index.php\/2023\/02\/09\/agmer-convoco-a-congreso-provincial\/","title":{"rendered":"Agmer convoc\u00f3 a congreso provincial"},"content":{"rendered":"<p style=\"text-align: center;\"><em><strong>El Congreso Extraordinario se llevar\u00e1 a cabo jueves 16 de febrero en la ciudad de Villaguay, informaron fuentes del sindicato. El encuentro se har\u00e1 en el marco de las negociaciones salariales que el gremio mantiene con el Gobierno provincial<\/strong><\/em><\/p>\n<p>&nbsp;<\/p>\n<p>&nbsp;<\/p>\n<p>La Comisi\u00f3n Directiva Central de la Asociaci\u00f3n Gremial del Magisterio de Entre R\u00edos (Agmer) convoc\u00f3 al 199\u00ba\u00a0 Congreso Extraordinario para el jueves 16 de febrero.<\/p>\n<p>Tendr\u00e1 modalidad presencial y se desarrollar\u00e1 desde las 9 en el Sal\u00f3n de la Seccional Villaguay (Saavedra 56)<\/p>\n<p>&nbsp;<\/p>\n<p><strong>En la oportunidad se dar\u00e1 tratamiento al siguiente temario:<\/strong><\/p>\n<p>Elecci\u00f3n mesa del congreso<\/p>\n<p>Informe de gesti\u00f3n.<\/p>\n<p>An\u00e1lisis de la situaci\u00f3n nacional y provincial.<\/p>\n<p>Estrategias a seguir.<\/p>\n<p>Lectura y aprobaci\u00f3n del acta.<\/p>\n<p>El encuentro se desarrollar\u00e1 en el marco de las negociaciones salariales que el sindicato docente mantiene con el Gobierno provincial: este mi\u00e9rcoles se realiz\u00f3 la primera reuni\u00f3n paritaria y el pr\u00f3ximo martes se llevar\u00e1 a cabo la segunda.<\/p>\n","protected":false},"excerpt":{"rendered":"<p>El Congreso Extraordinario se llevar\u00e1 a cabo jueves 16 de febrero en la ciudad de Villaguay, informaron fuentes del sindicato. El encuentro se har\u00e1 en el marco de las negociaciones salariales que el gremio mantiene con el Gobierno provincial &nbsp; &nbsp; La Comisi\u00f3n Directiva Central de la Asociaci\u00f3n Gremial del Magisterio de Entre R\u00edos (Agmer) convoc\u00f3 al 199\u00ba\u00a0 Congreso Extraordinario para el jueves 16 de febrero. Tendr\u00e1 modalidad presencial y se desarrollar\u00e1 desde las 9 en el Sal\u00f3n de la Seccional Villaguay (Saavedra 56) &nbsp; En la oportunidad se dar\u00e1&#8230;<\/p>\n","protected":false},"author":3,"featured_media":42207,"comment_status":"closed","ping_status":"closed","sticky":false,"template":"","format":"standard","meta":[],"categories":[15],"tags":[],"_links":{"self":[{"href":"https:\/\/www.actualidadadiario.com\/index.php\/wp-json\/wp\/v2\/posts\/97509"}],"collection":[{"href":"https:\/\/www.actualidadadiario.com\/index.php\/wp-json\/wp\/v2\/posts"}],"about":[{"href":"https:\/\/www.actualidadadiario.com\/index.php\/wp-json\/wp\/v2\/types\/post"}],"author":[{"embeddable":true,"href":"https:\/\/www.actualidadadiario.com\/index.php\/wp-json\/wp\/v2\/users\/3"}],"replies":[{"embeddable":true,"href":"https:\/\/www.actualidadadiario.com\/index.php\/wp-json\/wp\/v2\/comments?post=97509"}],"version-history":[{"count":1,"href":"https:\/\/www.actualidadadiario.com\/index.php\/wp-json\/wp\/v2\/posts\/97509\/revisions"}],"predecessor-version":[{"id":97510,"href":"https:\/\/www.actualidadadiario.com\/index.php\/wp-json\/wp\/v2\/posts\/97509\/revisions\/97510"}],"wp:featuredmedia":[{"embeddable":true,"href":"https:\/\/www.actualidadadiario.com\/index.php\/wp-json\/wp\/v2\/media\/42207"}],"wp:attachment":[{"href":"https:\/\/www.actualidadadiario.com\/index.php\/wp-json\/wp\/v2\/media?parent=97509"}],"wp:term":[{"taxonomy":"category","embeddable":true,"href":"https:\/\/www.actualidadadiario.com\/index.php\/wp-json\/wp\/v2\/categories?post=97509"},{"taxonomy":"post_tag","embeddable":true,"href":"https:\/\/www.actualidadadiario.com\/index.php\/wp-json\/wp\/v2\/tags?post=97509"}],"curies":[{"name":"wp","href":"https:\/\/api.w.org\/{rel}","templated":true}]}}