{"id":97507,"date":"2023-02-09T16:06:42","date_gmt":"2023-02-09T19:06:42","guid":{"rendered":"https:\/\/www.actualidadadiario.com\/?p=97507"},"modified":"2023-02-09T16:06:42","modified_gmt":"2023-02-09T19:06:42","slug":"las-elecciones-partidarias-de-la-ucr-entre-rios-seran-el-proximo-16-de-abril","status":"publish","type":"post","link":"https:\/\/www.actualidadadiario.com\/index.php\/2023\/02\/09\/las-elecciones-partidarias-de-la-ucr-entre-rios-seran-el-proximo-16-de-abril\/","title":{"rendered":"Las elecciones partidarias de la UCR Entre R\u00edos ser\u00e1n el pr\u00f3ximo 16 de abril"},"content":{"rendered":"<p style=\"text-align: center;\"><em><strong>La conducci\u00f3n de la Uni\u00f3n C\u00edvica Radical aprob\u00f3 este mi\u00e9rcoles el cronograma de elecciones para la renovaci\u00f3n de sus autoridades. El pr\u00f3ximo 16 de abril ser\u00e1n las elecciones, mientras que el 21 de marzo es la fecha l\u00edmite para la presentaci\u00f3n de oficializaci\u00f3n de listas<\/strong><\/em><\/p>\n<p>&nbsp;<\/p>\n<p>&nbsp;<\/p>\n<p>El centenario finalmente defini\u00f3 este mi\u00e9rcoles por la tarde el calendario electoral que instrumentar\u00e1 para renovar las autoridades partidarias, teniendo en cuenta que el actual mandato vence en el mes de mayo.<\/p>\n<p>Por ello, y seg\u00fan el cronograma al que tuvo acceso esta Agencia, el acto eleccionario se llevar\u00e1 a cabo el pr\u00f3ximo domingo 16 de abril. En tanto, el martes 21 hasta las 20 horas es la fecha l\u00edmite para la presentaci\u00f3n para oficializaci\u00f3n de Listas, mientras que el viernes 27 de marzo ser\u00e1 la oficializaci\u00f3n de listas.<\/p>\n<p>&nbsp;<\/p>\n<p><strong>A continuaci\u00f3n el cronograma completo:<\/strong><\/p>\n<ul>\n<li>16 DE FEBRERO<\/li>\n<\/ul>\n<p>Apertura de Exhibici\u00f3n de Padrones Provisorios en los Locales de cada Comit\u00e9 Departamental.<\/p>\n<p>&nbsp;<\/p>\n<ul>\n<li>18 DE FEBRERO A 23 DE FEBRERO<\/li>\n<\/ul>\n<p>Periodo de tachas, observaciones e impugnaciones.<\/p>\n<p>&nbsp;<\/p>\n<ul>\n<li>24 DE FEBRERO A 27 DE FEBRERO<\/li>\n<\/ul>\n<p>Comit\u00e9s Departamentales deben resolver impugnaciones.<\/p>\n<p>&nbsp;<\/p>\n<ul>\n<li>28 DE FEBRERO<\/li>\n<\/ul>\n<p>Notificaci\u00f3n a los interesados lo resuelto por el Comit\u00e9 Departamental.<\/p>\n<p>&nbsp;<\/p>\n<ul>\n<li>1 y 2 DE MARZO<\/li>\n<\/ul>\n<p>Recepci\u00f3n de Apelaciones de interesados\/afiliados por Comit\u00e9 Departamental.<\/p>\n<p>&nbsp;<\/p>\n<ul>\n<li>3 Y 4 DE MARZO<\/li>\n<\/ul>\n<p>Recepci\u00f3n de apelaciones por el Comit\u00e9 Provincial.<\/p>\n<p>&nbsp;<\/p>\n<ul>\n<li>5 y 6 de MARZO<\/li>\n<\/ul>\n<p>COMIT\u00c9 PROVINCIAL resuelve apelaciones. Lo resuelto es inapelable.<\/p>\n<p>&nbsp;<\/p>\n<ul>\n<li>7 y 8 de MARZO<\/li>\n<\/ul>\n<p>Remisi\u00f3n \u2013por \u00fanica vez- del padr\u00f3n definitivo oficializado a c\/u de Comit\u00e9s Departamentales para el acto eleccionario.<\/p>\n<p>&nbsp;<\/p>\n<ul>\n<li>21 de MARZO<\/li>\n<\/ul>\n<p>Presentaci\u00f3n para oficializaci\u00f3n de Listas (hasta las 20 hs.)<\/p>\n<p>&nbsp;<\/p>\n<ul>\n<li>27 de MARZO<\/li>\n<\/ul>\n<p>Oficializaci\u00f3n de Listas<\/p>\n<p>&nbsp;<\/p>\n<ul>\n<li>16 DE ABRIL<\/li>\n<\/ul>\n<p>Elecciones internas partidarias.<\/p>\n","protected":false},"excerpt":{"rendered":"<p>La conducci\u00f3n de la Uni\u00f3n C\u00edvica Radical aprob\u00f3 este mi\u00e9rcoles el cronograma de elecciones para la renovaci\u00f3n de sus autoridades. El pr\u00f3ximo 16 de abril ser\u00e1n las elecciones, mientras que el 21 de marzo es la fecha l\u00edmite para la presentaci\u00f3n de oficializaci\u00f3n de listas &nbsp; &nbsp; El centenario finalmente defini\u00f3 este mi\u00e9rcoles por la tarde el calendario electoral que instrumentar\u00e1 para renovar las autoridades partidarias, teniendo en cuenta que el actual mandato vence en el mes de mayo. Por ello, y seg\u00fan el cronograma al que tuvo acceso esta&#8230;<\/p>\n","protected":false},"author":3,"featured_media":80522,"comment_status":"closed","ping_status":"closed","sticky":false,"template":"","format":"standard","meta":[],"categories":[15],"tags":[],"_links":{"self":[{"href":"https:\/\/www.actualidadadiario.com\/index.php\/wp-json\/wp\/v2\/posts\/97507"}],"collection":[{"href":"https:\/\/www.actualidadadiario.com\/index.php\/wp-json\/wp\/v2\/posts"}],"about":[{"href":"https:\/\/www.actualidadadiario.com\/index.php\/wp-json\/wp\/v2\/types\/post"}],"author":[{"embeddable":true,"href":"https:\/\/www.actualidadadiario.com\/index.php\/wp-json\/wp\/v2\/users\/3"}],"replies":[{"embeddable":true,"href":"https:\/\/www.actualidadadiario.com\/index.php\/wp-json\/wp\/v2\/comments?post=97507"}],"version-history":[{"count":1,"href":"https:\/\/www.actualidadadiario.com\/index.php\/wp-json\/wp\/v2\/posts\/97507\/revisions"}],"predecessor-version":[{"id":97508,"href":"https:\/\/www.actualidadadiario.com\/index.php\/wp-json\/wp\/v2\/posts\/97507\/revisions\/97508"}],"wp:featuredmedia":[{"embeddable":true,"href":"https:\/\/www.actualidadadiario.com\/index.php\/wp-json\/wp\/v2\/media\/80522"}],"wp:attachment":[{"href":"https:\/\/www.actualidadadiario.com\/index.php\/wp-json\/wp\/v2\/media?parent=97507"}],"wp:term":[{"taxonomy":"category","embeddable":true,"href":"https:\/\/www.actualidadadiario.com\/index.php\/wp-json\/wp\/v2\/categories?post=97507"},{"taxonomy":"post_tag","embeddable":true,"href":"https:\/\/www.actualidadadiario.com\/index.php\/wp-json\/wp\/v2\/tags?post=97507"}],"curies":[{"name":"wp","href":"https:\/\/api.w.org\/{rel}","templated":true}]}}