{"id":97501,"date":"2023-02-09T16:05:18","date_gmt":"2023-02-09T19:05:18","guid":{"rendered":"https:\/\/www.actualidadadiario.com\/?p=97501"},"modified":"2023-02-09T16:05:18","modified_gmt":"2023-02-09T19:05:18","slug":"el-senador-kueider-presento-un-proyecto-de-ley-para-reducir-la-tarifa-electrica-en-todos-sus-componentes","status":"publish","type":"post","link":"https:\/\/www.actualidadadiario.com\/index.php\/2023\/02\/09\/el-senador-kueider-presento-un-proyecto-de-ley-para-reducir-la-tarifa-electrica-en-todos-sus-componentes\/","title":{"rendered":"El senador Kueider present\u00f3 un proyecto de ley para reducir la tarifa el\u00e9ctrica en todos sus componentes"},"content":{"rendered":"<p style=\"text-align: center;\"><em><strong>El senador nacional Edgardo Kueider (FdT) present\u00f3 un proyecto de ley para reducir el IVA y otros impuestos en las facturas de luz, aumentar las regal\u00edas que perciben las provincias productoras de energ\u00eda y, en el caso de Entre R\u00edos, que el Gobierno nacional -a trav\u00e9s de Cammesa- incremente el precio se le paga a Salto Grande para poder destinar esos fondos a reducir la tarifa el\u00e9ctrica<\/strong><\/em><\/p>\n<p>&nbsp;<\/p>\n<p>&nbsp;<\/p>\n<p>El legislador precis\u00f3 que \u201cel objeto de la iniciativa es clarificar los conceptos que conforman la boleta de luz a usuarios finales, para despojarla de aquellos que no sean derivados del consumo el\u00e9ctrico\u201d.<\/p>\n<p>El senador nacional propone reducir el IVA del 21% al 5% para consumo familiar y del 27% al 10,5% para usuarios comerciales, industriales, Pymes, Clubes, etc.<\/p>\n<p>Tambi\u00e9n incluye en su iniciativa la prohibici\u00f3n de que las empresas distribuidoras (Enersa o las cooperativas el\u00e9ctricas en el caso de Entre R\u00edos) act\u00faen como agentes de percepci\u00f3n de tributos de cualquier naturaleza.<\/p>\n<p>Explic\u00f3 que \u201cen Entre R\u00edos se cobra en la boleta de luz la tasa de alumbrado municipal, como m\u00e1ximo del 16 por ciento. Estos conceptos abultan la boleta de consumidores finales innecesariamente\u201d.<\/p>\n<p>Agreg\u00f3 que \u201cadem\u00e1s, los municipios gozan de buena salud financiera en casi todo el pa\u00eds, por lo tanto, la medida no impacta negativamente en las arcas municipales\u201d.<\/p>\n<p>El proyecto contempla adem\u00e1s la modificaci\u00f3n del art. 43 de la Ley 15.336 para incrementar el porcentaje de las regal\u00edas percibidas por las provincias productoras de energ\u00eda del 12% actual a 20 %. Adem\u00e1s, \u201cse establece expresamente la obligaci\u00f3n de percibirlas en especie -energ\u00eda el\u00e9ctrica- y afectarlas a reducir el costo final de la energ\u00eda para consumidores\u201d.<\/p>\n<p>El proyecto de Kueider propone aumentar el precio que se le paga a Salto Grande por la energ\u00eda producida, es decir, que Cammesa le abone el valor promedio del Mercado El\u00e9ctrico Mayorista, es decir un 600% m\u00e1s de lo que paga en la actualidad. La mitad de ese aumento deber\u00e1 ser utilizado para reducir el costo de la tarifa.<\/p>\n<p>Tambi\u00e9n el senador nacional apunta a establecer un mecanismo m\u00e1s justo para la determinaci\u00f3n de precios en los conceptos de transporte y distribuci\u00f3n de la energ\u00eda el\u00e9ctrica. \u201cHoy la provincia de Buenos Aires paga menos que el resto del pa\u00eds\u201d, explic\u00f3.<\/p>\n<p>Finalmente, el legislador entrerriano sugiere a los gobiernos municipales y provinciales medidas de reducci\u00f3n de cargas fiscales en la tarifa el\u00e9ctrica de sus respectivos distritos.<\/p>\n","protected":false},"excerpt":{"rendered":"<p>El senador nacional Edgardo Kueider (FdT) present\u00f3 un proyecto de ley para reducir el IVA y otros impuestos en las facturas de luz, aumentar las regal\u00edas que perciben las provincias productoras de energ\u00eda y, en el caso de Entre R\u00edos, que el Gobierno nacional -a trav\u00e9s de Cammesa- incremente el precio se le paga a Salto Grande para poder destinar esos fondos a reducir la tarifa el\u00e9ctrica &nbsp; &nbsp; El legislador precis\u00f3 que \u201cel objeto de la iniciativa es clarificar los conceptos que conforman la boleta de luz a usuarios&#8230;<\/p>\n","protected":false},"author":3,"featured_media":97502,"comment_status":"closed","ping_status":"closed","sticky":false,"template":"","format":"standard","meta":[],"categories":[15],"tags":[],"_links":{"self":[{"href":"https:\/\/www.actualidadadiario.com\/index.php\/wp-json\/wp\/v2\/posts\/97501"}],"collection":[{"href":"https:\/\/www.actualidadadiario.com\/index.php\/wp-json\/wp\/v2\/posts"}],"about":[{"href":"https:\/\/www.actualidadadiario.com\/index.php\/wp-json\/wp\/v2\/types\/post"}],"author":[{"embeddable":true,"href":"https:\/\/www.actualidadadiario.com\/index.php\/wp-json\/wp\/v2\/users\/3"}],"replies":[{"embeddable":true,"href":"https:\/\/www.actualidadadiario.com\/index.php\/wp-json\/wp\/v2\/comments?post=97501"}],"version-history":[{"count":1,"href":"https:\/\/www.actualidadadiario.com\/index.php\/wp-json\/wp\/v2\/posts\/97501\/revisions"}],"predecessor-version":[{"id":97503,"href":"https:\/\/www.actualidadadiario.com\/index.php\/wp-json\/wp\/v2\/posts\/97501\/revisions\/97503"}],"wp:featuredmedia":[{"embeddable":true,"href":"https:\/\/www.actualidadadiario.com\/index.php\/wp-json\/wp\/v2\/media\/97502"}],"wp:attachment":[{"href":"https:\/\/www.actualidadadiario.com\/index.php\/wp-json\/wp\/v2\/media?parent=97501"}],"wp:term":[{"taxonomy":"category","embeddable":true,"href":"https:\/\/www.actualidadadiario.com\/index.php\/wp-json\/wp\/v2\/categories?post=97501"},{"taxonomy":"post_tag","embeddable":true,"href":"https:\/\/www.actualidadadiario.com\/index.php\/wp-json\/wp\/v2\/tags?post=97501"}],"curies":[{"name":"wp","href":"https:\/\/api.w.org\/{rel}","templated":true}]}}