{"id":97499,"date":"2023-02-09T16:04:39","date_gmt":"2023-02-09T19:04:39","guid":{"rendered":"https:\/\/www.actualidadadiario.com\/?p=97499"},"modified":"2023-02-09T16:04:39","modified_gmt":"2023-02-09T19:04:39","slug":"entre-rios-adhirio-al-tope-en-las-cuotas-de-los-colegios-privados","status":"publish","type":"post","link":"https:\/\/www.actualidadadiario.com\/index.php\/2023\/02\/09\/entre-rios-adhirio-al-tope-en-las-cuotas-de-los-colegios-privados\/","title":{"rendered":"Entre R\u00edos adhiri\u00f3 al tope en las cuotas de los colegios privados"},"content":{"rendered":"<p style=\"text-align: center;\"><strong>En el Consejo Federal de Educaci\u00f3n se revalid\u00f3 el acuerdo en los aranceles. En marzo no se permitir\u00e1 una suba superior al 16,8%<\/strong><\/p>\n<p>&nbsp;<\/p>\n<p>&nbsp;<\/p>\n<p>Despu\u00e9s del acuerdo que el Gobierno firm\u00f3 con las c\u00e1maras que nuclean a los colegios privados, restaban aguardar las respuestas de las provincias. Hoy en la sesi\u00f3n del Consejo Federal de Educaci\u00f3n, la mayor\u00eda de las jurisdicciones adhiri\u00f3 a los topes en los aumentos de las cuotas de las escuelas privadas que impuso la Casa Rosada.<\/p>\n<p>En concreto, son 17 los distritos que se pronunciaron a favor del acuerdo: la provincia de Buenos Aires, Catamarca, CABA, Chaco, Chubut, Entre R\u00edos, La Pampa, La Rioja, Misiones, R\u00edo Negro, Salta, San Juan, Santa Cruz, Santa Fe, Santiago del Estero, Tierra del Fuego y Tucum\u00e1n.<\/p>\n<p>En todas esas provincias, las subas en las cuotas de los colegios privados tendr\u00e1n los siguientes m\u00e1ximos: 16,8% en marzo y 3,35 en abril, mayo y junio, y un 4% en julio, aunque a mitad de a\u00f1o se volver\u00e1n a reunir funcionarios y representantes de las c\u00e1maras para rever las cifras.<\/p>\n<p>El martes pasado el ministro de Econom\u00eda, Sergio Massa, y su par de Educaci\u00f3n, Jaime Perczyk, sellaron el acuerdo tras una reuni\u00f3n con las autoridades de la C\u00e1mara Argentina de Instituciones Privadas (Caidep), la Junta Coordinadora de Asociaciones de la Ense\u00f1anza Privada de la Rep\u00fablica Argentina (Coordiep) y el Consejo Superior de Educaci\u00f3n Cat\u00f3lica (Consudec), realizada en la sede de la cartera de Econom\u00eda.<\/p>\n<p>De esa reuni\u00f3n no particip\u00f3 la Junta Nacional de Ense\u00f1anza Privada (Junep), que se pronunci\u00f3 en contra del acuerdo antes de la reuni\u00f3n. El punto que marcan es qu\u00e9 sucede si las paritarias docentes o la misma inflaci\u00f3n se ubican por encima de los topes arancelarios que se buscan fijar. Es decir, \u00bfqui\u00e9n absorbe esa diferencia? Si bien la intenci\u00f3n es que las subas salariales acompa\u00f1en el esquema del programa de precios, los sindicatos ya adelantaron que pedir\u00e1n paritarias por encima de la inflaci\u00f3n.<\/p>\n<p>Seg\u00fan el documento oficial, hay una cl\u00e1usula que indica qu\u00e9 pasar\u00eda en ese caso. \u201cSe acuerda que, si la diferencia entre el incremento de salarios acumulado en la jurisdicci\u00f3n donde se encuentre el Instituto Educativo o el IPC, lo que sea mayor, superara en un 1,5 % al porcentaje de incremento acumulado de arancel en igual per\u00edodo, las instituciones educativas podr\u00e1n incrementar la diferencia que se pudiera producir\u201d, dice el texto.<\/p>\n<p>En concreto, cada vez que la diferencia entre la paritaria o la misma inflaci\u00f3n y el acuerdo de precios est\u00e9 por debajo del 1,5%, no se le permitir\u00e1 a las escuelas subir la cuota para igualar ese margen. En caso de que supere ese 1,5%, s\u00ed las instituciones podr\u00e1n ajustar el aumento de los aranceles que pagan cada vez las familias, public\u00f3 Infobae.<\/p>\n<p>\u201cCon el aumento autorizado a abril de 3,35%, si la inflaci\u00f3n o la paritaria de ese mes fuera de 4,85%, ese 1,5% lo pierde el colegio. Si la diferencia fuera de 2%, solo se puede aumentar un 0,5%. Siempre va a haber un colch\u00f3n de 1,5% que lo va absorber la escuela\u201d, remarc\u00f3 Mart\u00edn Zurita, titular de Junep.<\/p>\n","protected":false},"excerpt":{"rendered":"<p>En el Consejo Federal de Educaci\u00f3n se revalid\u00f3 el acuerdo en los aranceles. En marzo no se permitir\u00e1 una suba superior al 16,8% &nbsp; &nbsp; Despu\u00e9s del acuerdo que el Gobierno firm\u00f3 con las c\u00e1maras que nuclean a los colegios privados, restaban aguardar las respuestas de las provincias. Hoy en la sesi\u00f3n del Consejo Federal de Educaci\u00f3n, la mayor\u00eda de las jurisdicciones adhiri\u00f3 a los topes en los aumentos de las cuotas de las escuelas privadas que impuso la Casa Rosada. En concreto, son 17 los distritos que se pronunciaron&#8230;<\/p>\n","protected":false},"author":3,"featured_media":97389,"comment_status":"closed","ping_status":"closed","sticky":false,"template":"","format":"standard","meta":[],"categories":[9],"tags":[],"_links":{"self":[{"href":"https:\/\/www.actualidadadiario.com\/index.php\/wp-json\/wp\/v2\/posts\/97499"}],"collection":[{"href":"https:\/\/www.actualidadadiario.com\/index.php\/wp-json\/wp\/v2\/posts"}],"about":[{"href":"https:\/\/www.actualidadadiario.com\/index.php\/wp-json\/wp\/v2\/types\/post"}],"author":[{"embeddable":true,"href":"https:\/\/www.actualidadadiario.com\/index.php\/wp-json\/wp\/v2\/users\/3"}],"replies":[{"embeddable":true,"href":"https:\/\/www.actualidadadiario.com\/index.php\/wp-json\/wp\/v2\/comments?post=97499"}],"version-history":[{"count":1,"href":"https:\/\/www.actualidadadiario.com\/index.php\/wp-json\/wp\/v2\/posts\/97499\/revisions"}],"predecessor-version":[{"id":97500,"href":"https:\/\/www.actualidadadiario.com\/index.php\/wp-json\/wp\/v2\/posts\/97499\/revisions\/97500"}],"wp:featuredmedia":[{"embeddable":true,"href":"https:\/\/www.actualidadadiario.com\/index.php\/wp-json\/wp\/v2\/media\/97389"}],"wp:attachment":[{"href":"https:\/\/www.actualidadadiario.com\/index.php\/wp-json\/wp\/v2\/media?parent=97499"}],"wp:term":[{"taxonomy":"category","embeddable":true,"href":"https:\/\/www.actualidadadiario.com\/index.php\/wp-json\/wp\/v2\/categories?post=97499"},{"taxonomy":"post_tag","embeddable":true,"href":"https:\/\/www.actualidadadiario.com\/index.php\/wp-json\/wp\/v2\/tags?post=97499"}],"curies":[{"name":"wp","href":"https:\/\/api.w.org\/{rel}","templated":true}]}}