{"id":97494,"date":"2023-02-09T16:03:21","date_gmt":"2023-02-09T19:03:21","guid":{"rendered":"https:\/\/www.actualidadadiario.com\/?p=97494"},"modified":"2023-02-09T16:03:21","modified_gmt":"2023-02-09T19:03:21","slug":"con-us407-millones-de-entre-rios-arranco-amortizacion-tras-canjes-locales","status":"publish","type":"post","link":"https:\/\/www.actualidadadiario.com\/index.php\/2023\/02\/09\/con-us407-millones-de-entre-rios-arranco-amortizacion-tras-canjes-locales\/","title":{"rendered":"Con u$s40,7 millones de Entre R\u00edos, arranc\u00f3 amortizaci\u00f3n tras canjes locales"},"content":{"rendered":"<p style=\"text-align: center;\"><em><strong>\u201cEs la primera que empieza a amortizar su deuda reestructurada no garantizada, y siguen Mendoza y Jujuy\u201d, dijo coalici\u00f3n de bonistas, y destac\u00f3 que \u201cempieza lento proceso de recuperaci\u00f3n del cr\u00e9dito\u201d<\/strong><\/em><\/p>\n<p>&nbsp;<\/p>\n<p>&nbsp;<\/p>\n<p>El Gobierno del entrerriano Gustavo Bordet concret\u00f3 el primer pago de capital, por poco m\u00e1s de u$s 40,7 millones, del t\u00edtulo de deuda p\u00fablica internacional ER25 emitido en 2017 y reestructurado en marzo de 2021.<\/p>\n<p>\u201cCuando logramos la reestructuraci\u00f3n de la deuda frente a los mensajes de la oposici\u00f3n que hablaban de una provincia en cesaci\u00f3n de pagos (lo dec\u00edan en ingl\u00e9s) est\u00e1bamos convencidos, y lo seguimos sosteniendo, que es una deuda totalmente cumplible mientras se sostenga el orden fiscal logrado en las gestiones del gobernador Bordet\u201d, asegur\u00f3 ayer a \u00c1mbito el ministro de Econom\u00eda provincial, Hugo Ballay.<\/p>\n<p>Por su parte, la Coalici\u00f3n de Bonistas de Provincias Argentinas destac\u00f3 en las \u00faltimas horas que Entre R\u00edos \u201crepag\u00f3 el 5% de su bono 2028, en t\u00e9rmino\u201d y que la provincia se convirti\u00f3 as\u00ed en \u201cla primera que empieza a amortizar su deuda reestructurada no garantizada\u201d.<\/p>\n<p>\u201cSiguen Mendoza y Jujuy (CABA y Santa Fe nunca reestructuraron, ni Tierra del Fuego su bono garantizado)\u201d, agregaron, y resaltaron que \u201cempieza un lento proceso de recuperaci\u00f3n del cr\u00e9dito\u201d.<\/p>\n<p>Con ese tel\u00f3n de fondo, Ballay precis\u00f3 a este diario que el viernes 3 de febrero el gobierno \u201ccancel\u00f3 el servicio de capital e intereses de los t\u00edtulos de deuda p\u00fablica internacional ER25 por u$s40.753.106,89\u201d. De este monto, u$s25.874.988,50 correspondieron al pago de capital, y u$s14.878.118,39 a intereses.<\/p>\n<p>Para concretar la cancelaci\u00f3n, la administraci\u00f3n entrerriana accedi\u00f3 al mercado de cambios 5 d\u00edas antes de la fecha, para adquirir \u201cel 20% diario de la cantidad de d\u00f3lares necesarios a distintas cotizaciones\u201d. El total de pesos erogados ascendi\u00f3 a 7.638.379.747,34.<\/p>\n<p>Con la aceptaci\u00f3n del 97,15% de los bonistas, el Gobierno de Bordet cerr\u00f3 a principios de marzo de 2021 el proceso de reestructuraci\u00f3n del bono en ER25 por u$s500 millones, emitido en 2017.<\/p>\n<p>\u201cEl nuevo esquema de deuda supone una mejora en los plazos de amortizaci\u00f3n del capital y los intereses y una reducci\u00f3n de la tasa de inter\u00e9s al 6,9% promedio; adem\u00e1s, la aceptaci\u00f3n de la propuesta implica el retiro de la demanda judicial contra la provincia en los tribunales de Nueva York\u201d, afirmaron por esas horas.<\/p>\n<p>El titular de la consultora Politikon Chaco, Alejandro Pegoraro, destac\u00f3 ayer que \u201cEntre R\u00edos es la primera que repaga amortizaci\u00f3n sobre un lote de provincias que reestructur\u00f3 deuda en d\u00f3lares de bonos internacionales entre 2020 y 2021\u201d. \u201cSi bien hay algunas que realizaron procesos de reestructuraci\u00f3n de bonos que ya pagan amortizaciones (Chubut y Neuqu\u00e9n), ya lo estaban haciendo previo a la reestructuraci\u00f3n por lo cual continuaron un mismo proceso pero bajo diferentes condiciones\u201d, aclar\u00f3.<\/p>\n<p>En esa l\u00ednea, subray\u00f3 que \u201cEntre R\u00edos tiene la particularidad de ser la primera en pagar amortizaci\u00f3n sobre el lote de provincias que estiraron los plazos de este repago, y pag\u00f3 el 5% del capital en este concepto\u201d. \u201cEn 2023 hay otras que tambi\u00e9n inician los pagos de amortizaci\u00f3n, como Jujuy y Mendoza (marzo) y Salta y C\u00f3rdoba (junio); el resto inician sus repagos a partir de 2024 y posteriores\u201d, agreg\u00f3.<\/p>\n<p>Pegoraro adem\u00e1s subray\u00f3 que \u201cla situaci\u00f3n en base a los bonos reestructurados muestra que esos procesos fueron exitosos en su principal objetivo de aliviar las cajas provinciales en relaci\u00f3n al tama\u00f1o de los vencimientos por venir\u201d. Y apunt\u00f3 a que \u201cel gran desafio inicia en 2023 y se profundizar\u00e1 en 2024 por los comienzos de pago de amortizaci\u00f3n de capital (que implica un fuerte volumen en d\u00f3lares) y el incremento de la tasa de interes a abonar en estos a\u00f1os\u201d.<\/p>\n","protected":false},"excerpt":{"rendered":"<p>\u201cEs la primera que empieza a amortizar su deuda reestructurada no garantizada, y siguen Mendoza y Jujuy\u201d, dijo coalici\u00f3n de bonistas, y destac\u00f3 que \u201cempieza lento proceso de recuperaci\u00f3n del cr\u00e9dito\u201d &nbsp; &nbsp; El Gobierno del entrerriano Gustavo Bordet concret\u00f3 el primer pago de capital, por poco m\u00e1s de u$s 40,7 millones, del t\u00edtulo de deuda p\u00fablica internacional ER25 emitido en 2017 y reestructurado en marzo de 2021. \u201cCuando logramos la reestructuraci\u00f3n de la deuda frente a los mensajes de la oposici\u00f3n que hablaban de una provincia en cesaci\u00f3n de&#8230;<\/p>\n","protected":false},"author":3,"featured_media":97119,"comment_status":"closed","ping_status":"closed","sticky":false,"template":"","format":"standard","meta":[],"categories":[15],"tags":[],"_links":{"self":[{"href":"https:\/\/www.actualidadadiario.com\/index.php\/wp-json\/wp\/v2\/posts\/97494"}],"collection":[{"href":"https:\/\/www.actualidadadiario.com\/index.php\/wp-json\/wp\/v2\/posts"}],"about":[{"href":"https:\/\/www.actualidadadiario.com\/index.php\/wp-json\/wp\/v2\/types\/post"}],"author":[{"embeddable":true,"href":"https:\/\/www.actualidadadiario.com\/index.php\/wp-json\/wp\/v2\/users\/3"}],"replies":[{"embeddable":true,"href":"https:\/\/www.actualidadadiario.com\/index.php\/wp-json\/wp\/v2\/comments?post=97494"}],"version-history":[{"count":1,"href":"https:\/\/www.actualidadadiario.com\/index.php\/wp-json\/wp\/v2\/posts\/97494\/revisions"}],"predecessor-version":[{"id":97495,"href":"https:\/\/www.actualidadadiario.com\/index.php\/wp-json\/wp\/v2\/posts\/97494\/revisions\/97495"}],"wp:featuredmedia":[{"embeddable":true,"href":"https:\/\/www.actualidadadiario.com\/index.php\/wp-json\/wp\/v2\/media\/97119"}],"wp:attachment":[{"href":"https:\/\/www.actualidadadiario.com\/index.php\/wp-json\/wp\/v2\/media?parent=97494"}],"wp:term":[{"taxonomy":"category","embeddable":true,"href":"https:\/\/www.actualidadadiario.com\/index.php\/wp-json\/wp\/v2\/categories?post=97494"},{"taxonomy":"post_tag","embeddable":true,"href":"https:\/\/www.actualidadadiario.com\/index.php\/wp-json\/wp\/v2\/tags?post=97494"}],"curies":[{"name":"wp","href":"https:\/\/api.w.org\/{rel}","templated":true}]}}