{"id":97490,"date":"2023-02-09T16:01:36","date_gmt":"2023-02-09T19:01:36","guid":{"rendered":"https:\/\/www.actualidadadiario.com\/?p=97490"},"modified":"2023-02-09T16:01:36","modified_gmt":"2023-02-09T19:01:36","slug":"terremoto-en-turquia-argentina-envia-una-brigada-de-ayuda-humanitaria","status":"publish","type":"post","link":"https:\/\/www.actualidadadiario.com\/index.php\/2023\/02\/09\/terremoto-en-turquia-argentina-envia-una-brigada-de-ayuda-humanitaria\/","title":{"rendered":"Terremoto en Turqu\u00eda: Argentina env\u00eda una brigada de ayuda humanitaria"},"content":{"rendered":"<p style=\"text-align: center;\"><em><strong>Un total de 28 efectivos viajar\u00e1n a Turqu\u00eda para colaborar con las tareas de rescate tras el terremoto que dej\u00f3 al menos 17.500 muertos en ese pa\u00eds y Siria<\/strong><\/em><\/p>\n<p>&nbsp;<\/p>\n<p>&nbsp;<\/p>\n<p>Un total de 28 efectivos argentinos de ayuda humanitaria viajan esta noche a Turqu\u00eda para colaborar con las tareas de rescate y b\u00fasqueda tras el terremoto que dej\u00f3 al menos 17.500 muertos y decenas de miles de heridos en este pa\u00eds y en la vecina Siria, se inform\u00f3 oficialmente.<\/p>\n<p>De acuerdo con la solicitud de las autoridades turcas, la Canciller\u00eda Argentina, encabezada por Santiago Cafiero, junto al Ministerio de Seguridad y la Agencia Argentina de Cooperaci\u00f3n Internacional y Asistencia Humanitaria de Cascos Blancos (Aciah) coordinaron la ayuda humanitaria que brindar\u00e1 el pa\u00eds tras las tr\u00e1gicas consecuencias del sismo.<\/p>\n<p>&nbsp;<\/p>\n<p><strong>Argentina env\u00eda ayuda humanitaria a Turqu\u00eda<\/strong><\/p>\n<p>En ese sentido, se dispuso el env\u00edo de una brigada USAR (B\u00fasqueda y Rescate Urbano) de Argentina, que se desplazar\u00e1 esta noche a la zona afectada, inform\u00f3 mediante un comunicado la Canciller\u00eda argentina.<\/p>\n<p>El equipo est\u00e1 conformado por 28 efectivos &#8220;altamente calificados&#8221; en materia de B\u00fasqueda T\u00e9cnica; B\u00fasqueda Canina; Asistencia M\u00e9dica; Materiales Peligrosos; Ingenier\u00eda Estructural; Apoyo para Centros de Recepci\u00f3n y Salida (RDC) y Apoyo al Centro de Coordinaci\u00f3n de Operaciones en el Terreno (OSOCC), as\u00ed como para Apoyo a la C\u00e9lula de Coordinaci\u00f3n USAR (UC).<\/p>\n<p>Durante el acto de despedida del equipo en el Cuartel Central de la PFA, el ministro de Seguridad, An\u00edbal Fern\u00e1ndez, remarco que &#8220;dos pueblos, de donde muchos han venido a vivir a nuestro pa\u00eds, est\u00e1n pasando un p\u00e9simo momento y nos convocan y nosotros dijimos &#8216;presente'&#8221;.<\/p>\n<p>De la misi\u00f3n humanitaria ser\u00e1 parte personal de la Brigada Especial Federal de Rescate (Befer) de la Polic\u00eda Federal Argentina (PFA), certificada internacionalmente para las tareas de rescate frente a este tipo de tragedias.<\/p>\n<p>&#8220;Nuestra gente del Befer estaba preparada y armamos todo lo m\u00e1s r\u00e1pido posible para que puedan viajar con todo lo necesario. El jefe ha instruido al responsable del Befer para que pueda estar en contacto y todo lo que necesiten sea solicitado&#8221;, indic\u00f3 el ministro en di\u00e1logo con la prensa.<\/p>\n<p>&#8220;Est\u00e1n todos conscientes en lo que est\u00e1n haciendo y a d\u00f3nde est\u00e1n yendo, qu\u00e9 es lo que tienen que hacer y c\u00f3mo se prepararon para eso&#8221;, dijo.<\/p>\n<p>La misi\u00f3n humanitaria se desplazar\u00e1 por aproximadamente 10 d\u00edas y ser\u00e1 encabezada por cuatro funcionarios de la Comisi\u00f3n Cascos Blancos, que conduce Sabina Frederic, que trabajar\u00e1n junto con la Agencia Turca de Manejo de Desastres en la ciudad de Andana.<\/p>\n<p>&#8220;Nuestro pa\u00eds tiene rasgos que no estamos dispuestos a resignar en ninguna condici\u00f3n, como la multilateralidad y el respeto por los derechos humanos&#8221;, asegur\u00f3 Fern\u00e1ndez.<\/p>\n<p>Pasadas las primeras 72 horas tras el sismo, los socorristas luchan contra el reloj para encontrar personas con vida tras el terremoto de magnitud 7,8 del lunes a las 4.17 (23.17 del domingo en Argentina), aunque se teme que el balance de muertos pueda subir dram\u00e1ticamente debido al elevado n\u00famero de personas que se calcula que todav\u00eda est\u00e1n atrapadas entre los escombros.<\/p>\n<p>La cantidad de muertos no deja de crecer y los \u00faltimos balances oficiales indican que asciende a 17.513 personas, 14.351 de ellas en Turqu\u00eda y 3.162 en Siria.<\/p>\n","protected":false},"excerpt":{"rendered":"<p>Un total de 28 efectivos viajar\u00e1n a Turqu\u00eda para colaborar con las tareas de rescate tras el terremoto que dej\u00f3 al menos 17.500 muertos en ese pa\u00eds y Siria &nbsp; &nbsp; Un total de 28 efectivos argentinos de ayuda humanitaria viajan esta noche a Turqu\u00eda para colaborar con las tareas de rescate y b\u00fasqueda tras el terremoto que dej\u00f3 al menos 17.500 muertos y decenas de miles de heridos en este pa\u00eds y en la vecina Siria, se inform\u00f3 oficialmente. De acuerdo con la solicitud de las autoridades turcas, la&#8230;<\/p>\n","protected":false},"author":3,"featured_media":97343,"comment_status":"closed","ping_status":"closed","sticky":false,"template":"","format":"standard","meta":[],"categories":[18],"tags":[],"_links":{"self":[{"href":"https:\/\/www.actualidadadiario.com\/index.php\/wp-json\/wp\/v2\/posts\/97490"}],"collection":[{"href":"https:\/\/www.actualidadadiario.com\/index.php\/wp-json\/wp\/v2\/posts"}],"about":[{"href":"https:\/\/www.actualidadadiario.com\/index.php\/wp-json\/wp\/v2\/types\/post"}],"author":[{"embeddable":true,"href":"https:\/\/www.actualidadadiario.com\/index.php\/wp-json\/wp\/v2\/users\/3"}],"replies":[{"embeddable":true,"href":"https:\/\/www.actualidadadiario.com\/index.php\/wp-json\/wp\/v2\/comments?post=97490"}],"version-history":[{"count":1,"href":"https:\/\/www.actualidadadiario.com\/index.php\/wp-json\/wp\/v2\/posts\/97490\/revisions"}],"predecessor-version":[{"id":97491,"href":"https:\/\/www.actualidadadiario.com\/index.php\/wp-json\/wp\/v2\/posts\/97490\/revisions\/97491"}],"wp:featuredmedia":[{"embeddable":true,"href":"https:\/\/www.actualidadadiario.com\/index.php\/wp-json\/wp\/v2\/media\/97343"}],"wp:attachment":[{"href":"https:\/\/www.actualidadadiario.com\/index.php\/wp-json\/wp\/v2\/media?parent=97490"}],"wp:term":[{"taxonomy":"category","embeddable":true,"href":"https:\/\/www.actualidadadiario.com\/index.php\/wp-json\/wp\/v2\/categories?post=97490"},{"taxonomy":"post_tag","embeddable":true,"href":"https:\/\/www.actualidadadiario.com\/index.php\/wp-json\/wp\/v2\/tags?post=97490"}],"curies":[{"name":"wp","href":"https:\/\/api.w.org\/{rel}","templated":true}]}}