{"id":97488,"date":"2023-02-09T16:00:59","date_gmt":"2023-02-09T19:00:59","guid":{"rendered":"https:\/\/www.actualidadadiario.com\/?p=97488"},"modified":"2023-02-09T16:00:59","modified_gmt":"2023-02-09T19:00:59","slug":"se-reabre-dialogo-alberto-cristina-de-cara-al-debut-de-la-mesa-del-fdt","status":"publish","type":"post","link":"https:\/\/www.actualidadadiario.com\/index.php\/2023\/02\/09\/se-reabre-dialogo-alberto-cristina-de-cara-al-debut-de-la-mesa-del-fdt\/","title":{"rendered":"Se reabre di\u00e1logo Alberto-Cristina de cara al debut de la mesa del FdT"},"content":{"rendered":"<p style=\"text-align: center;\"><em><strong>Se\u00f1ales de unidad en la antesala de la mesa pol\u00edtica del Frente de Todos que convoc\u00f3 Alberto Fern\u00e1ndez para el jueves 16. Presi\u00f3n del kirchnerismo para revisar la gesti\u00f3n de gobierno y la &#8220;proscripci\u00f3n&#8221; de la vice<\/strong><\/em><\/p>\n<p>&nbsp;<\/p>\n<p>&nbsp;<\/p>\n<p>El dato pas\u00f3 desapercibido y lo revel\u00f3 Victoria Tolosa Paz. Alberto Fern\u00e1ndez y Cristina Fern\u00e1ndez de Kirchner retomaron el di\u00e1logo sin intermediarios la semana pasada. Fue en la previa de la convocatoria a la mesa pol\u00edtica del Frente de Todos realizada por el Presidente despu\u00e9s de un cortocircuito con Eduardo Wado de Pedro.<\/p>\n<p>En ese contexto, y de cara a la reuni\u00f3n entre el albertismo, el massismo y el kirchnerismo, distintos sectores alineados con Cristina como La C\u00e1mpora pujan para incluir en la agenda de la mesa pol\u00edtica el rumbo de la gesti\u00f3n del gobierno nacional. Ayer, el diputado nacional del Frente de Todos (FdT), Hugo Yasky, enrolado en el cristinismo, asegur\u00f3 que la vicepresidenta Cristina Fern\u00e1ndez de Kirchner \u201ces la candidata que tiene que encabezar\u201d la f\u00f3rmula electoral del oficialismo y sostuvo que tema de su \u201cproscripci\u00f3n tiene que ser central en los debates de la mesa pol\u00edtica\u201d convocada por el presidente Alberto Fern\u00e1ndez para analizar las estrategias electorales de la coalici\u00f3n de cara a las pr\u00f3ximas elecciones.<\/p>\n<p>\u201cEs un tema que hay que resolver. La proscripci\u00f3n de Cristina tiene que ser central en la mesa pol\u00edtica. No podemos seguir haciendo comentarios o expresando deseos cuando estamos en el Gobierno\u201d, afirm\u00f3 Yasky en declaraciones a la radio online Futurock. De esta forma se refiri\u00f3 el dirigente sindical a la condena a seis a\u00f1os de prisi\u00f3n e inhabilitaci\u00f3n para ejercer cargos p\u00fablicos que recibi\u00f3 la exmandataria en el juicio de la causa Vialidad.<\/p>\n<p>El titular de la CTA asegur\u00f3 que el FdT est\u00e1 \u201cen condiciones de derrotar electoralmente a la derecha\u201d y consider\u00f3 que \u201cel gran desaf\u00edo es sintetizar una iniciativa en com\u00fan\u201d para presentarle al electorado. \u201cMe niego a creer que Cristina est\u00e1 fuera de la cancha. En la provincia de Buenos Aires nuestro candidato es (el gobernador Axel) Kicillof y para m\u00ed, Cristina debe encabezar nuestra f\u00f3rmula (en el orden nacional)\u201d, remarc\u00f3.<\/p>\n<p>Adem\u00e1s, el referente gremial sostuvo que \u201cser\u00eda un acto de fingir demencia sentarnos a hablar de candidaturas cuando tenemos a nuestra principal candidata proscripta\u201d.<\/p>\n<p>M\u00e1s cerca de Alberto Fern\u00e1ndez y en clave de unidad, el Ministro de Obras P\u00fablicas, Gabriel Katopodis, sostuvo que en la mesa pol\u00edtica del Frente de Todos (FdT) \u201clo \u00fanico que no estar\u00e1 permitido es el derrotismo\u201d y se\u00f1al\u00f3 que \u201clas candidaturas son el final de la conversaci\u00f3n\u201d. \u201cLo \u00fanico que no est\u00e1 permitido en esta mesa ni en ninguna otra es el derrotismo o los brazos ca\u00eddos. Cada uno va a tener que dar cuenta que hizo para ganar las elecciones\u201d, asegur\u00f3 Katopodis en declaraciones a Radio 10.<\/p>\n<p>\u201cLas candidaturas son el final de la conversaci\u00f3n, no el comienzo. Ahora tenemos que estar trabajando en seguir llevando alivio y mostrando resultados del esfuerzo que hizo el laburante sin bajar los brazos\u201d, afirm\u00f3.<\/p>\n<p>En ese marco, llam\u00f3 a que estos encuentros sean \u201cespacios orientados a cumplir con el contrato electoral\u201d y no solo para que \u201clos pol\u00edticos hablemos entre nosotros\u201d.<\/p>\n<p>\u201cLas demandas de Argentina y nuestros desaf\u00edos como fuerza pol\u00edtica nos demandan m\u00e1s entendimiento y coordinaci\u00f3n\u201d, asegur\u00f3. Asimismo, advirti\u00f3 que \u201cla derecha no es una hip\u00f3tesis\u201d sino que \u201cest\u00e1 a la vuelta de la esquina y quieren volver en una versi\u00f3n mucho m\u00e1s violenta\u201d.<\/p>\n<p>\u201cSe van a volver m\u00e1s agresivos porque no pueden hablar de lo que hicieron porque no tienen nada. No tenemos que adjetivar al macrismo, es suficiente con describirlos y recordar con ejemplos\u201d, remarc\u00f3.<\/p>\n<p>Katopodis sostuvo que el FdT \u201ctiene vida pol\u00edtica\u201d a diferencia de otros espacios que \u201ccuidan la puesta en escena o arman videos para las redes como hicieron durante el macrismo para despu\u00e9s quebrar la Argentina dejando una herencia que seguimos queriendo enfrentar\u201d.<\/p>\n<p>\u201cEn lo central y en lo innegociable estamos unidos. Despu\u00e9s hay matices, fue siempre as\u00ed en el peronismo. Lo que no puede pasar es que con los matices aplaudan en la tribuna de enfrente porque ah\u00ed se pas\u00f3 un l\u00edmite\u201d, complet\u00f3.<\/p>\n<p>Victoria Tolosa Paz tambi\u00e9n asegur\u00f3 que la mesa que convoc\u00f3 Alberto Fern\u00e1ndez para el pr\u00f3ximo jueves 16 con el objetivo de que el Frente de Todos elabore las reglas electorales rumbo a las elecciones presidenciales \u201ctiene tres patas: Alberto, Cristina y Massa\u201d. \u201cEl 16 habr\u00e1 una mesa donde habr\u00e1 tres patas: Alberto (Fern\u00e1ndez), Cristina (Kirchner) y (Sergio) Massa, donde se definir\u00e1 el calendario electoral y las formas de hacer una PASO ordenada\u201d, asegur\u00f3 Tolosa Paz al hablar con la radio AM 530.<\/p>\n<p>La funcionaria consider\u00f3 asimismo que el Frente de Todos tiene \u201cpor delante la tarea de consolidar la unidad del frente pol\u00edtico y para eso tiene que haber una PASO\u201d donde compitan todos los sectores que pugnan por encarar una candidatura presidencial. Tolosa Paz dijo que la PASO es la instancia que sirve para \u201ccanalizar los matices\u201d y la \u201cheterogeneidad\u201d del Frente de Todos.<\/p>\n<p>Como ejemplo, asegur\u00f3: \u201cM\u00e1ximo Kirchner critica el d\u00f3lar soja y Massa lo defiende; M\u00e1ximo no cree en el acuerdo con el Fondo y Massa s\u00ed; Alberto cree en las paritarias libres y no en otorgar sumas fijas, Cristina cree en otorgar sumas fijas\u201d. Al respecto dijo que deben existir en las PASO \u201cdos o tres candidatos que expliquen las herramientas para alcanzar los objetivos\u201d e insisti\u00f3 en que \u201cel canal para poder sostener la unidad son las PASO\u201d.<\/p>\n<p>Sobre las distintas posturas dentro de la coalici\u00f3n de Gobierno, asegur\u00f3 que \u201cestamos los que abonamos la teor\u00eda de que esto lo tienen que poder resolver entre Alberto y Cristina\u201d. \u201cLa semana pasada, me consta, tuvieron un di\u00e1logo a partir del episodio de Wado de Pedro\u201d, asegur\u00f3 Tolosa Paz. La funcionaria se refiri\u00f3 as\u00ed al malestar que dej\u00f3 trascender el ministro del Interior al no ser invitado a un encuentro entre organismos de derechos humanos y el presidente de Brasil, Lula Da Silva, cuando el mandatario brasile\u00f1o estuvo de visita en Buenos Aires.<\/p>\n","protected":false},"excerpt":{"rendered":"<p>Se\u00f1ales de unidad en la antesala de la mesa pol\u00edtica del Frente de Todos que convoc\u00f3 Alberto Fern\u00e1ndez para el jueves 16. Presi\u00f3n del kirchnerismo para revisar la gesti\u00f3n de gobierno y la &#8220;proscripci\u00f3n&#8221; de la vice &nbsp; &nbsp; El dato pas\u00f3 desapercibido y lo revel\u00f3 Victoria Tolosa Paz. Alberto Fern\u00e1ndez y Cristina Fern\u00e1ndez de Kirchner retomaron el di\u00e1logo sin intermediarios la semana pasada. Fue en la previa de la convocatoria a la mesa pol\u00edtica del Frente de Todos realizada por el Presidente despu\u00e9s de un cortocircuito con Eduardo Wado&#8230;<\/p>\n","protected":false},"author":3,"featured_media":80462,"comment_status":"closed","ping_status":"closed","sticky":false,"template":"","format":"standard","meta":[],"categories":[18],"tags":[],"_links":{"self":[{"href":"https:\/\/www.actualidadadiario.com\/index.php\/wp-json\/wp\/v2\/posts\/97488"}],"collection":[{"href":"https:\/\/www.actualidadadiario.com\/index.php\/wp-json\/wp\/v2\/posts"}],"about":[{"href":"https:\/\/www.actualidadadiario.com\/index.php\/wp-json\/wp\/v2\/types\/post"}],"author":[{"embeddable":true,"href":"https:\/\/www.actualidadadiario.com\/index.php\/wp-json\/wp\/v2\/users\/3"}],"replies":[{"embeddable":true,"href":"https:\/\/www.actualidadadiario.com\/index.php\/wp-json\/wp\/v2\/comments?post=97488"}],"version-history":[{"count":1,"href":"https:\/\/www.actualidadadiario.com\/index.php\/wp-json\/wp\/v2\/posts\/97488\/revisions"}],"predecessor-version":[{"id":97489,"href":"https:\/\/www.actualidadadiario.com\/index.php\/wp-json\/wp\/v2\/posts\/97488\/revisions\/97489"}],"wp:featuredmedia":[{"embeddable":true,"href":"https:\/\/www.actualidadadiario.com\/index.php\/wp-json\/wp\/v2\/media\/80462"}],"wp:attachment":[{"href":"https:\/\/www.actualidadadiario.com\/index.php\/wp-json\/wp\/v2\/media?parent=97488"}],"wp:term":[{"taxonomy":"category","embeddable":true,"href":"https:\/\/www.actualidadadiario.com\/index.php\/wp-json\/wp\/v2\/categories?post=97488"},{"taxonomy":"post_tag","embeddable":true,"href":"https:\/\/www.actualidadadiario.com\/index.php\/wp-json\/wp\/v2\/tags?post=97488"}],"curies":[{"name":"wp","href":"https:\/\/api.w.org\/{rel}","templated":true}]}}