{"id":97485,"date":"2023-02-09T16:00:05","date_gmt":"2023-02-09T19:00:05","guid":{"rendered":"https:\/\/www.actualidadadiario.com\/?p=97485"},"modified":"2023-02-09T16:00:05","modified_gmt":"2023-02-09T19:00:05","slug":"comienzan-las-negociaciones-por-la-paritaria-nacional-docente","status":"publish","type":"post","link":"https:\/\/www.actualidadadiario.com\/index.php\/2023\/02\/09\/comienzan-las-negociaciones-por-la-paritaria-nacional-docente\/","title":{"rendered":"Comienzan las negociaciones por la paritaria nacional docente"},"content":{"rendered":"<p style=\"text-align: center;\"><em><strong>Se reunir\u00e1n los cinco sindicatos nacionales y el ministro de Educaci\u00f3n, Jaime Perczyk. Ctera anticip\u00f3 que pedir\u00e1n &#8220;una nueva Ley de Financiamiento Educativo&#8221; y por el &#8220;Presupuesto Educativo Nacional&#8221;<\/strong><\/em><\/p>\n<p>&nbsp;<\/p>\n<p>&nbsp;<\/p>\n<p>La primera reuni\u00f3n paritaria nacional docente se desarrollar\u00e1 este jueves, convocada por el Ministerio de Educaci\u00f3n de la Naci\u00f3n, confirmaron fuentes oficiales.<\/p>\n<p>La reuni\u00f3n, que ser\u00e1 presidida por el ministro Jaime Perczyk, se desarrollar\u00e1 por la tarde en el Palacio Sarmiento, ubicado en Pizzurno 935 de esta capital y est\u00e1 confirmada la participaci\u00f3n de los cinco sindicatos docentes nacionales.<\/p>\n<p>Por su parte, la Confederaci\u00f3n de Trabajadores de la Educaci\u00f3n (Ctera) adelant\u00f3 que pedir\u00e1 un &#8220;aumento de salario que supere la inflaci\u00f3n, con revisi\u00f3n permanente&#8221;, la &#8220;modificaci\u00f3n del Impuesto a las Ganancias&#8221; y &#8220;continuar con la elaboraci\u00f3n del Convenio Colectivo del sector docente&#8221;.<\/p>\n<p>A trav\u00e9s de Twitter, desde Ctera indicaron que adem\u00e1s pedir\u00e1n &#8220;una nueva Ley de Financiamiento Educativo&#8221; y por el &#8220;Presupuesto Educativo Nacional&#8221;.<\/p>\n","protected":false},"excerpt":{"rendered":"<p>Se reunir\u00e1n los cinco sindicatos nacionales y el ministro de Educaci\u00f3n, Jaime Perczyk. Ctera anticip\u00f3 que pedir\u00e1n &#8220;una nueva Ley de Financiamiento Educativo&#8221; y por el &#8220;Presupuesto Educativo Nacional&#8221; &nbsp; &nbsp; La primera reuni\u00f3n paritaria nacional docente se desarrollar\u00e1 este jueves, convocada por el Ministerio de Educaci\u00f3n de la Naci\u00f3n, confirmaron fuentes oficiales. La reuni\u00f3n, que ser\u00e1 presidida por el ministro Jaime Perczyk, se desarrollar\u00e1 por la tarde en el Palacio Sarmiento, ubicado en Pizzurno 935 de esta capital y est\u00e1 confirmada la participaci\u00f3n de los cinco sindicatos docentes nacionales&#8230;.<\/p>\n","protected":false},"author":3,"featured_media":97486,"comment_status":"closed","ping_status":"closed","sticky":false,"template":"","format":"standard","meta":[],"categories":[18],"tags":[],"_links":{"self":[{"href":"https:\/\/www.actualidadadiario.com\/index.php\/wp-json\/wp\/v2\/posts\/97485"}],"collection":[{"href":"https:\/\/www.actualidadadiario.com\/index.php\/wp-json\/wp\/v2\/posts"}],"about":[{"href":"https:\/\/www.actualidadadiario.com\/index.php\/wp-json\/wp\/v2\/types\/post"}],"author":[{"embeddable":true,"href":"https:\/\/www.actualidadadiario.com\/index.php\/wp-json\/wp\/v2\/users\/3"}],"replies":[{"embeddable":true,"href":"https:\/\/www.actualidadadiario.com\/index.php\/wp-json\/wp\/v2\/comments?post=97485"}],"version-history":[{"count":1,"href":"https:\/\/www.actualidadadiario.com\/index.php\/wp-json\/wp\/v2\/posts\/97485\/revisions"}],"predecessor-version":[{"id":97487,"href":"https:\/\/www.actualidadadiario.com\/index.php\/wp-json\/wp\/v2\/posts\/97485\/revisions\/97487"}],"wp:featuredmedia":[{"embeddable":true,"href":"https:\/\/www.actualidadadiario.com\/index.php\/wp-json\/wp\/v2\/media\/97486"}],"wp:attachment":[{"href":"https:\/\/www.actualidadadiario.com\/index.php\/wp-json\/wp\/v2\/media?parent=97485"}],"wp:term":[{"taxonomy":"category","embeddable":true,"href":"https:\/\/www.actualidadadiario.com\/index.php\/wp-json\/wp\/v2\/categories?post=97485"},{"taxonomy":"post_tag","embeddable":true,"href":"https:\/\/www.actualidadadiario.com\/index.php\/wp-json\/wp\/v2\/tags?post=97485"}],"curies":[{"name":"wp","href":"https:\/\/api.w.org\/{rel}","templated":true}]}}