{"id":97482,"date":"2023-02-09T15:59:26","date_gmt":"2023-02-09T18:59:26","guid":{"rendered":"https:\/\/www.actualidadadiario.com\/?p=97482"},"modified":"2023-02-09T15:59:26","modified_gmt":"2023-02-09T18:59:26","slug":"consejo-de-la-magistratura-senadores-exigen-a-la-corte-que-les-tome-juramento","status":"publish","type":"post","link":"https:\/\/www.actualidadadiario.com\/index.php\/2023\/02\/09\/consejo-de-la-magistratura-senadores-exigen-a-la-corte-que-les-tome-juramento\/","title":{"rendered":"Consejo de la Magistratura: senadores exigen a la Corte que les tome juramento"},"content":{"rendered":"<p style=\"text-align: center;\"><em><strong>Integrantes de la C\u00e1mara Alta reclamaron jurar como integrantes del cuerpo para que &#8220;el \u00f3rgano vuelva a funcionar&#8221;, y presentaron una nota dirigida al presidente del m\u00e1ximo tribunal, Horacio Rosatti, solicitando que &#8220;cumpla la ley&#8221;<\/strong><\/em><\/p>\n<p>&nbsp;<\/p>\n<p>&nbsp;<\/p>\n<p>Los senadores del interbloque del Frente de Todos (FdT) Mariano Recalde y Mar\u00eda In\u00e9s Pilatti Vergara y Mart\u00edn Do\u00f1ate presentaron una nota dirigida al presidente de la Corte Suprema de Justicia de la Naci\u00f3n, Horacio Rosatti, solicitando que &#8220;cumpla la ley&#8221; y les tome juramento como integrantes del Consejo de la Magistratura para que &#8220;el \u00f3rgano vuelva a funcionar&#8221;.<\/p>\n<p>Los senadores realizaron una presentaci\u00f3n ante la Corte exigiendo que se les tome juramento para que se concrete la conformaci\u00f3n constitucional del Consejo de la Magistratura y aseguraron que &#8220;eval\u00faan otras acciones administrativas, civiles y penales para lograr que se cumpla la ley y el \u00f3rgano deje de estar paralizado&#8221;, seg\u00fan consignaron en un comunicado de prensa.<\/p>\n<p>&#8220;Desde hace casi tres meses, la Corte Suprema de Justicia de la Naci\u00f3n posterga la toma de juramento de los representantes del Senado de la Naci\u00f3n en el Consejo de la Magistratura, argumentando que las designaciones `se encuentran a estudio del Tribunal, por razones que son de p\u00fablico conocimiento`\u201d, expresaron.<\/p>\n<p>Los senadores que faltan ser nombrados son Mariano Recalde y Mar\u00eda In\u00e9s Pilatti Vergara, por el bloque mayoritario Frente Nacional y Popular; Eduardo Vischi, por la primera minor\u00eda, Uni\u00f3n C\u00edvica Radical; y Mart\u00edn Do\u00f1ate, por la segunda minor\u00eda, Unidad Ciudadana.<\/p>\n<p>En las tres notas, los senadores sostuvieron que &#8220;la \u00fanica atribuci\u00f3n que la ley pone en cabeza del presidente del Tribunal es recibir el juramento a las personas nombradas\u201d y que no es competencia de la Corte Suprema \u201cestudiar\u201d las designaciones.<\/p>\n<p>Asimismo, recordaron que el m\u00e1ximo tribunal \u201ctiene el deber constitucional de adoptar las medidas apropiadas para evitar la eventual paralizaci\u00f3n del Consejo de la Magistratura\u201d.<\/p>\n<p>&nbsp;<\/p>\n<p><strong>Accionar &#8220;discriminatorio&#8221; de la Corte <\/strong><\/p>\n<p>Adem\u00e1s, consideraron que el accionar de la Corte es \u201cdiscriminatorio\u201d ya que \u201csin justificaci\u00f3n alguna, propina a los nuevos consejeros senadores un trato distinto que el brindado a los otros consejeros, a\u00fan en los casos de designaciones cuestionadas o conflictivas\u201d.<\/p>\n<p>Se refieren al caso de la diputada Roxana Reyes, quien ya jur\u00f3 como consejera a pesar de que su designaci\u00f3n fue cuestionada por un fallo judicial que -siguiendo el criterio que aplic\u00f3 la Corte en el Senado- establece que ese lugar no pertenece al bloque de la Uni\u00f3n C\u00edvica Radical, seg\u00fan detallaron.<\/p>\n<p>Por \u00faltimo, los senadores expresaron que adem\u00e1s de \u201cabusiva, arbitraria y discriminatoria\u201d, la decisi\u00f3n de la Corte tiene un car\u00e1cter \u201cde facto\u201d, porque no est\u00e1 debidamente formalizada; y \u201cdifuso\u201d, ya que no explica las razones del \u201cestudio\u201d de las designaciones ni establece cu\u00e1nto tiempo durar\u00e1 tal proceso.<\/p>\n<p>&#8220;Este accionar representa una grave amenaza para la salud institucional de la Rep\u00fablica&#8221;, aseguraron.<\/p>\n","protected":false},"excerpt":{"rendered":"<p>Integrantes de la C\u00e1mara Alta reclamaron jurar como integrantes del cuerpo para que &#8220;el \u00f3rgano vuelva a funcionar&#8221;, y presentaron una nota dirigida al presidente del m\u00e1ximo tribunal, Horacio Rosatti, solicitando que &#8220;cumpla la ley&#8221; &nbsp; &nbsp; Los senadores del interbloque del Frente de Todos (FdT) Mariano Recalde y Mar\u00eda In\u00e9s Pilatti Vergara y Mart\u00edn Do\u00f1ate presentaron una nota dirigida al presidente de la Corte Suprema de Justicia de la Naci\u00f3n, Horacio Rosatti, solicitando que &#8220;cumpla la ley&#8221; y les tome juramento como integrantes del Consejo de la Magistratura para&#8230;<\/p>\n","protected":false},"author":3,"featured_media":97483,"comment_status":"closed","ping_status":"closed","sticky":false,"template":"","format":"standard","meta":[],"categories":[18],"tags":[],"_links":{"self":[{"href":"https:\/\/www.actualidadadiario.com\/index.php\/wp-json\/wp\/v2\/posts\/97482"}],"collection":[{"href":"https:\/\/www.actualidadadiario.com\/index.php\/wp-json\/wp\/v2\/posts"}],"about":[{"href":"https:\/\/www.actualidadadiario.com\/index.php\/wp-json\/wp\/v2\/types\/post"}],"author":[{"embeddable":true,"href":"https:\/\/www.actualidadadiario.com\/index.php\/wp-json\/wp\/v2\/users\/3"}],"replies":[{"embeddable":true,"href":"https:\/\/www.actualidadadiario.com\/index.php\/wp-json\/wp\/v2\/comments?post=97482"}],"version-history":[{"count":1,"href":"https:\/\/www.actualidadadiario.com\/index.php\/wp-json\/wp\/v2\/posts\/97482\/revisions"}],"predecessor-version":[{"id":97484,"href":"https:\/\/www.actualidadadiario.com\/index.php\/wp-json\/wp\/v2\/posts\/97482\/revisions\/97484"}],"wp:featuredmedia":[{"embeddable":true,"href":"https:\/\/www.actualidadadiario.com\/index.php\/wp-json\/wp\/v2\/media\/97483"}],"wp:attachment":[{"href":"https:\/\/www.actualidadadiario.com\/index.php\/wp-json\/wp\/v2\/media?parent=97482"}],"wp:term":[{"taxonomy":"category","embeddable":true,"href":"https:\/\/www.actualidadadiario.com\/index.php\/wp-json\/wp\/v2\/categories?post=97482"},{"taxonomy":"post_tag","embeddable":true,"href":"https:\/\/www.actualidadadiario.com\/index.php\/wp-json\/wp\/v2\/tags?post=97482"}],"curies":[{"name":"wp","href":"https:\/\/api.w.org\/{rel}","templated":true}]}}