{"id":97460,"date":"2023-02-09T15:53:18","date_gmt":"2023-02-09T18:53:18","guid":{"rendered":"https:\/\/www.actualidadadiario.com\/?p=97460"},"modified":"2023-02-09T15:53:18","modified_gmt":"2023-02-09T18:53:18","slug":"en-2022-la-actividad-industrial-crecio-43-y-la-construccion-35","status":"publish","type":"post","link":"https:\/\/www.actualidadadiario.com\/index.php\/2023\/02\/09\/en-2022-la-actividad-industrial-crecio-43-y-la-construccion-35\/","title":{"rendered":"En 2022, la actividad industrial creci\u00f3 4,3% y la construcci\u00f3n 3,5%"},"content":{"rendered":"<p style=\"text-align: center;\"><em><strong>Ambos sectores cerraron diciembre con retrocesos: la industria se contrajo el 2,7% interanual y un 1,2% mensual; la construcci\u00f3n cay\u00f3 el 10,6% frente al mismo mes de 2021 y un 3,5% contra noviembre<\/strong><\/em><\/p>\n<p>&nbsp;<\/p>\n<p>&nbsp;<\/p>\n<p>La actividad industrial creci\u00f3 a lo largo del a\u00f1o pasado 4,3%, luego de haber presentado en diciembre una baja del 2,7% respecto a igual mes de 2021, inform\u00f3 este mi\u00e9rcoles el Instituto Nacional de Estad\u00edstica y Censos (Indec).<\/p>\n<p>En tanto, la actividad en el sector de la construcci\u00f3n acumul\u00f3 una mejora de 3,5% respecto al a\u00f1o previo, tras cerrar diciembre con una merma del 10,6% interanual.<\/p>\n<p>En el \u00faltimo mes del a\u00f1o pasado, el sector fabril mostr\u00f3 un retroceso del 1,2% en comparaci\u00f3n a noviembre, y la construcci\u00f3n una baja del 3,5%.<\/p>\n<p>En diciembre, 11 de las 16 divisiones de la industria manufacturera presentaron ca\u00eddas interanuales. En orden a su incidencia en el nivel general, se registraron disminuciones de 15,8% en \u201cMuebles y colchones y otras industrias manufactureras\u201d; 3,8% en \u201cSustancias y productos qu\u00edmicos\u201d; 1,6% en \u201cAlimentos y bebidas\u201d.<\/p>\n<p>Tambi\u00e9n se verificaron bajas del 7,6% en \u201cCaucho y pl\u00e1stico\u201d; 6,1% en \u201cPrendas de vestir, cuero y calzado\u201d; 7,4% en \u201cVeh\u00edculos automotores, carrocer\u00edas, remolques y autopartes\u201d; 3,2% en \u201cMadera, papel, edici\u00f3n e impresi\u00f3n\u201d; 7,8% en \u201cProductos textiles\u201d; 1,8% en \u201cMinerales no met\u00e1licos\u201d; 2,7% en \u201cOtros equipos, aparatos e instrumentos\u201d; y 12,9% en \u201cOtros equipos de transporte\u201d.<\/p>\n<p>Por su parte, se observaron incrementos de 4,9% en \u201cRefinaci\u00f3n del petr\u00f3leo, coque y combustible nuclear\u201d; 1,8% en \u201cIndustrias met\u00e1licas b\u00e1sicas\u201d; 1,4% en \u201cMaquinaria y equipo\u201d; 1,5% en \u201cProductos de metal\u201d y 5,5% en \u201cTabaco\u201d.<\/p>\n<p>Seg\u00fan la encuesta cualitativa que realiza el Indec entre los empresarios, el 26,4% de los consultados consider\u00f3 que la demanda interna continuar\u00e1 en alza hasta marzo inclusive, contra un 24,7% que anticip\u00f3 una merma, mientras que el restante 48,9% no prev\u00e9 mayores cambios.<\/p>\n<p>En cuanto a las exportaciones, el 22,8% de los consultados anticip\u00f3 una disminuci\u00f3n, frente al 20,2 % que previ\u00f3 un alza, mientras que el restante 57% no anticip\u00f3 mayores variantes.<\/p>\n<p>En el sector de la construcci\u00f3n, por su parte, el consumo de insumos en diciembre de 2022 mostr\u00f3, en relaci\u00f3n a igual mes del a\u00f1o anterior, subas de 16,8% en grifer\u00eda, tubos de acero sin costura y vidrio para construcci\u00f3n; del 15 % en mosaicos gran\u00edticos y calc\u00e1reos; y de 2,4% en placas de yeso.<\/p>\n<p>Por el contrario, se observaron bajas de 23,1% interanual en pinturas para construcci\u00f3n; 22,8% en pisos y revestimientos cer\u00e1micos; 22,6% en ladrillos huecos; 19,8% en cales; 18,5% en asfalto; 15,7% en yeso; 9 % en cemento portland; 7 % en hierro redondo y aceros para la construcci\u00f3n; 4,7% en art\u00edculos sanitarios de cer\u00e1mica; y 2,3% en hormig\u00f3n elaborado.<\/p>\n<p>En cuanto a las expectativas del sector hasta marzo, entre las empresas de la construcci\u00f3n que se dedican mayormente a la obra privada, el 22,8% proyect\u00f3 que la actividad crecer\u00e1, contra un 16,4% que prev\u00e9 un retroceso, y un 60,8% que no espera mayores cambios.<\/p>\n<p>En cuanto a las empresas que se dedican mayormente a la obra p\u00fablica, el 31,9% de los consultados anticip\u00f3 que aumentar\u00e1 la actividad en los primeros meses de 2023, frente al 18,6% que espera una merma.<\/p>\n","protected":false},"excerpt":{"rendered":"<p>Ambos sectores cerraron diciembre con retrocesos: la industria se contrajo el 2,7% interanual y un 1,2% mensual; la construcci\u00f3n cay\u00f3 el 10,6% frente al mismo mes de 2021 y un 3,5% contra noviembre &nbsp; &nbsp; La actividad industrial creci\u00f3 a lo largo del a\u00f1o pasado 4,3%, luego de haber presentado en diciembre una baja del 2,7% respecto a igual mes de 2021, inform\u00f3 este mi\u00e9rcoles el Instituto Nacional de Estad\u00edstica y Censos (Indec). En tanto, la actividad en el sector de la construcci\u00f3n acumul\u00f3 una mejora de 3,5% respecto al&#8230;<\/p>\n","protected":false},"author":3,"featured_media":97461,"comment_status":"closed","ping_status":"closed","sticky":false,"template":"","format":"standard","meta":[],"categories":[2],"tags":[],"_links":{"self":[{"href":"https:\/\/www.actualidadadiario.com\/index.php\/wp-json\/wp\/v2\/posts\/97460"}],"collection":[{"href":"https:\/\/www.actualidadadiario.com\/index.php\/wp-json\/wp\/v2\/posts"}],"about":[{"href":"https:\/\/www.actualidadadiario.com\/index.php\/wp-json\/wp\/v2\/types\/post"}],"author":[{"embeddable":true,"href":"https:\/\/www.actualidadadiario.com\/index.php\/wp-json\/wp\/v2\/users\/3"}],"replies":[{"embeddable":true,"href":"https:\/\/www.actualidadadiario.com\/index.php\/wp-json\/wp\/v2\/comments?post=97460"}],"version-history":[{"count":1,"href":"https:\/\/www.actualidadadiario.com\/index.php\/wp-json\/wp\/v2\/posts\/97460\/revisions"}],"predecessor-version":[{"id":97462,"href":"https:\/\/www.actualidadadiario.com\/index.php\/wp-json\/wp\/v2\/posts\/97460\/revisions\/97462"}],"wp:featuredmedia":[{"embeddable":true,"href":"https:\/\/www.actualidadadiario.com\/index.php\/wp-json\/wp\/v2\/media\/97461"}],"wp:attachment":[{"href":"https:\/\/www.actualidadadiario.com\/index.php\/wp-json\/wp\/v2\/media?parent=97460"}],"wp:term":[{"taxonomy":"category","embeddable":true,"href":"https:\/\/www.actualidadadiario.com\/index.php\/wp-json\/wp\/v2\/categories?post=97460"},{"taxonomy":"post_tag","embeddable":true,"href":"https:\/\/www.actualidadadiario.com\/index.php\/wp-json\/wp\/v2\/tags?post=97460"}],"curies":[{"name":"wp","href":"https:\/\/api.w.org\/{rel}","templated":true}]}}