{"id":97451,"date":"2023-02-08T14:46:52","date_gmt":"2023-02-08T17:46:52","guid":{"rendered":"https:\/\/www.actualidadadiario.com\/?p=97451"},"modified":"2023-02-08T14:46:52","modified_gmt":"2023-02-08T17:46:52","slug":"lula-viajara-a-washington-para-reunirse-con-biden-y-posicionarse-como-el-principal-referente-regional","status":"publish","type":"post","link":"https:\/\/www.actualidadadiario.com\/index.php\/2023\/02\/08\/lula-viajara-a-washington-para-reunirse-con-biden-y-posicionarse-como-el-principal-referente-regional\/","title":{"rendered":"Lula viajar\u00e1 a Washington para reunirse con Biden y posicionarse como el principal referente regional"},"content":{"rendered":"<p style=\"text-align: center;\"><em><strong>El presidente brasile\u00f1o llevar\u00e1 como principales temas a tratar la cuesti\u00f3n medioambiental y la necesidad de fortalecer la democracia. Ir\u00e1 acompa\u00f1ado por una importante comitiva de ministros<\/strong><\/em><\/p>\n<p>&nbsp;<\/p>\n<p>&nbsp;<\/p>\n<p>El presidente de Brasil, Luiz In\u00e1cio &#8220;Lula&#8221; Da Silva, viajar\u00e1 este jueves a Washington para reunirse en la Casa Blanca con su par estadounidense, Joe Biden, en lo que ser\u00e1 una visita que lo posicionar\u00e1 como el principal referente regional.<\/p>\n<p>El jefe del Palacio del Planalto llevar\u00e1 una importante comitiva, que estar\u00e1 integrada por los ministros de Relaciones Exteriores, Mauro Vieira; de Finanzas, Fernando Haddad; Medio Ambiente, Marina Silva; de Igualdad Racial, Anielle Franco; el asesor especial Celso Amorim; y el secretario ejecutivo del Ministerio de Desarrollo Econ\u00f3mico y Comercio, Marcio El\u00edas Rosa.<\/p>\n<p>El l\u00edder del PT ser\u00e1 recibido por Biden en la Casa Blanca el viernes, para poner sobre la mesa temas como la dinamizaci\u00f3n de la econom\u00eda, temas ambientales, fortalecimiento de la democracia y derechos humanos.<\/p>\n<p>Ser\u00e1 el tercer viaje al exterior de Lula desde su regreso a la Presidencia de Brasil, tras haber realizado visitas a la Argentina y a Uruguay: para despu\u00e9s de marzo pretende ir a China.<\/p>\n<p>Brasil y Estados Unidos enfrentan desaf\u00edos similares en lo que respecta a la radicalizaci\u00f3n pol\u00edtica y el discurso de odio en redes sociales.<\/p>\n<p>El medio ambiente ser\u00e1 uno de los principales temas durante la reuni\u00f3n bilateral, en contraposici\u00f3n con la pol\u00edtica que ten\u00eda su antecesor, Jair Bolsonaro, en la materia.<\/p>\n<p>En ese sentido, Da Silva buscar\u00e1 un mayor compromiso de los pa\u00edses desarrollados en el cumplimiento de sus compromisos de financiaci\u00f3n en el \u00e1rea clim\u00e1tica.<\/p>\n<p>En el \u00e1mbito econ\u00f3mico, se est\u00e1n realizando esfuerzos para impulsar las inversiones, particularmente en transici\u00f3n energ\u00e9tica y generaci\u00f3n de energ\u00eda limpia, y una mayor integraci\u00f3n de las cadenas productivas.<\/p>\n<p>Tambi\u00e9n debe prestarse especial atenci\u00f3n a la promoci\u00f3n de la agenda de derechos humanos, en particular en temas como la lucha contra el hambre y la pobreza a escala mundial, los derechos de los pueblos ind\u00edgenas y el combate al racismo.<\/p>\n<p>Adem\u00e1s de su reuni\u00f3n con Biden, el brasile\u00f1o tiene previstos encuentros con el senador Bernie Sanders; con congresistas dem\u00f3cratas; representantes de la American Federation of Labor and Congress of Industrial Organizations (AFL-CIO).<\/p>\n<p>Para el s\u00e1bado al mediod\u00eda est\u00e1 planificado el regreso del mandatario y su comitiva a Brasil.<\/p>\n<p>La fugaz visita de Lula a la Casa Blanca tambi\u00e9n lo posicionar\u00e1 como el principal referente regional, en desmedro del presidente Alberto Fern\u00e1ndez, quien todav\u00eda no logr\u00f3 fijar fecha para ir a Washington para reunirse con Biden.<\/p>\n<p>La ansiada reuni\u00f3n bilateral iba a concretarse en julio de 2022, pero el encuentro se suspendi\u00f3 debido a que pocos d\u00edas antes del viaje del argentino el mandatario estadounidense contrajo Covid-19.<\/p>\n<p>Dos meses despu\u00e9s, Alberto Fern\u00e1ndez viaj\u00f3 a Estados Unidos, pero no a Washington, sino a Nueva York para participar de la Asamblea General de las Naciones Unidas.<\/p>\n<p>Finalizado su mandato al frente de la Comunidad de Estados Latinoamericanos y Caribe\u00f1os (CELAC) en enero pasado, el Presidente parece perder peso en el continente.<\/p>\n","protected":false},"excerpt":{"rendered":"<p>El presidente brasile\u00f1o llevar\u00e1 como principales temas a tratar la cuesti\u00f3n medioambiental y la necesidad de fortalecer la democracia. Ir\u00e1 acompa\u00f1ado por una importante comitiva de ministros &nbsp; &nbsp; El presidente de Brasil, Luiz In\u00e1cio &#8220;Lula&#8221; Da Silva, viajar\u00e1 este jueves a Washington para reunirse en la Casa Blanca con su par estadounidense, Joe Biden, en lo que ser\u00e1 una visita que lo posicionar\u00e1 como el principal referente regional. El jefe del Palacio del Planalto llevar\u00e1 una importante comitiva, que estar\u00e1 integrada por los ministros de Relaciones Exteriores, Mauro Vieira;&#8230;<\/p>\n","protected":false},"author":3,"featured_media":97452,"comment_status":"closed","ping_status":"closed","sticky":false,"template":"","format":"standard","meta":[],"categories":[4],"tags":[],"_links":{"self":[{"href":"https:\/\/www.actualidadadiario.com\/index.php\/wp-json\/wp\/v2\/posts\/97451"}],"collection":[{"href":"https:\/\/www.actualidadadiario.com\/index.php\/wp-json\/wp\/v2\/posts"}],"about":[{"href":"https:\/\/www.actualidadadiario.com\/index.php\/wp-json\/wp\/v2\/types\/post"}],"author":[{"embeddable":true,"href":"https:\/\/www.actualidadadiario.com\/index.php\/wp-json\/wp\/v2\/users\/3"}],"replies":[{"embeddable":true,"href":"https:\/\/www.actualidadadiario.com\/index.php\/wp-json\/wp\/v2\/comments?post=97451"}],"version-history":[{"count":1,"href":"https:\/\/www.actualidadadiario.com\/index.php\/wp-json\/wp\/v2\/posts\/97451\/revisions"}],"predecessor-version":[{"id":97453,"href":"https:\/\/www.actualidadadiario.com\/index.php\/wp-json\/wp\/v2\/posts\/97451\/revisions\/97453"}],"wp:featuredmedia":[{"embeddable":true,"href":"https:\/\/www.actualidadadiario.com\/index.php\/wp-json\/wp\/v2\/media\/97452"}],"wp:attachment":[{"href":"https:\/\/www.actualidadadiario.com\/index.php\/wp-json\/wp\/v2\/media?parent=97451"}],"wp:term":[{"taxonomy":"category","embeddable":true,"href":"https:\/\/www.actualidadadiario.com\/index.php\/wp-json\/wp\/v2\/categories?post=97451"},{"taxonomy":"post_tag","embeddable":true,"href":"https:\/\/www.actualidadadiario.com\/index.php\/wp-json\/wp\/v2\/tags?post=97451"}],"curies":[{"name":"wp","href":"https:\/\/api.w.org\/{rel}","templated":true}]}}