{"id":97448,"date":"2023-02-08T14:46:14","date_gmt":"2023-02-08T17:46:14","guid":{"rendered":"https:\/\/www.actualidadadiario.com\/?p=97448"},"modified":"2023-02-08T14:46:14","modified_gmt":"2023-02-08T17:46:14","slug":"mas-regiones-chilenas-en-estado-de-alerta-por-los-incendios-forestales","status":"publish","type":"post","link":"https:\/\/www.actualidadadiario.com\/index.php\/2023\/02\/08\/mas-regiones-chilenas-en-estado-de-alerta-por-los-incendios-forestales\/","title":{"rendered":"M\u00e1s regiones chilenas en estado de alerta por los incendios forestales"},"content":{"rendered":"<p style=\"text-align: center;\"><em><strong>La ola de incendios es la m\u00e1s fatal de los \u00faltimos a\u00f1os en Chile, con 26 v\u00edctimas<\/strong><\/em><\/p>\n<p>&nbsp;<\/p>\n<p>&nbsp;<\/p>\n<p>Las autoridades de Chile sumaron el martes a Maule, O\u2019Higgins y Metropolitana, donde se encuentra la capital del pa\u00eds, a las regiones que est\u00e1n en potencial riesgo como consecuencia de los incendios forestales que azotan el pa\u00eds desde hace varias semanas, que consumieron alrededor de 290.000 hect\u00e1reas y que dejaron un saldo provisorio de 26 muertos.<\/p>\n<p>Por el momento, \u00d1uble, B\u00edo B\u00edo y La Araucan\u00eda est\u00e1n encuadradas como zonas de cat\u00e1strofe, aunque en las \u00faltimas horas la inquietud se traslad\u00f3 tambi\u00e9n a otras regiones del pa\u00eds trasandino. De hecho, Maule, O\u2019Higgins y Metropolitana en medio de la ola de calor, que favorece la propagaci\u00f3n de las llamas, y un marcado deterioro del aire por el humo que generan las llamas, inform\u00f3 NA.<\/p>\n<p>El Servicio Nacional de Prevenci\u00f3n y Respuesta ante Desastres (Senapred) confirm\u00f3 en su \u00faltimo bolet\u00edn que se reportaron 80 incendios forestales en combate. Unos 162 est\u00e1n controlados. En tanto, el subsecretario de Interior, Manuel Monsalve, confirm\u00f3 que fueron arrestadas 15 personas \u00abpor eventual vinculaci\u00f3n con la generaci\u00f3n de incendios\u00bb, varios de ellos por actividades como soldadura y la quema de ropa o lana animal.<\/p>\n<p>\u00abVamos a enfrentar progresivamente durante esta semana para llegar al viernes temperaturas que van subiendo para generar una situaci\u00f3n muy compleja desde el punto de vista clim\u00e1tico\u00bb, coment\u00f3 el funcionario. Adem\u00e1s, agreg\u00f3 que \u00abel aviso de altas temperaturas se mantiene desde Valpara\u00edso a La Araucan\u00eda hasta el viernes pr\u00f3ximo\u00bb.<\/p>\n<p>Tambi\u00e9n se esperan en las pr\u00f3ximas horas la llegada de brigadistas desde Colombia y M\u00e9xico, de acuerdo a lo anunciado por Monsalve. La ola de incendios es la m\u00e1s fatal de los \u00faltimos a\u00f1os, con 26 v\u00edctimas. Adem\u00e1s, la temporada actual, es la segunda peor en t\u00e9rminos de hect\u00e1reas quemadas, tras la llamada \u00abtormenta de fuego\u00bb en 2017.<\/p>\n","protected":false},"excerpt":{"rendered":"<p>La ola de incendios es la m\u00e1s fatal de los \u00faltimos a\u00f1os en Chile, con 26 v\u00edctimas &nbsp; &nbsp; Las autoridades de Chile sumaron el martes a Maule, O\u2019Higgins y Metropolitana, donde se encuentra la capital del pa\u00eds, a las regiones que est\u00e1n en potencial riesgo como consecuencia de los incendios forestales que azotan el pa\u00eds desde hace varias semanas, que consumieron alrededor de 290.000 hect\u00e1reas y que dejaron un saldo provisorio de 26 muertos. Por el momento, \u00d1uble, B\u00edo B\u00edo y La Araucan\u00eda est\u00e1n encuadradas como zonas de cat\u00e1strofe,&#8230;<\/p>\n","protected":false},"author":3,"featured_media":97449,"comment_status":"closed","ping_status":"closed","sticky":false,"template":"","format":"standard","meta":[],"categories":[4],"tags":[],"_links":{"self":[{"href":"https:\/\/www.actualidadadiario.com\/index.php\/wp-json\/wp\/v2\/posts\/97448"}],"collection":[{"href":"https:\/\/www.actualidadadiario.com\/index.php\/wp-json\/wp\/v2\/posts"}],"about":[{"href":"https:\/\/www.actualidadadiario.com\/index.php\/wp-json\/wp\/v2\/types\/post"}],"author":[{"embeddable":true,"href":"https:\/\/www.actualidadadiario.com\/index.php\/wp-json\/wp\/v2\/users\/3"}],"replies":[{"embeddable":true,"href":"https:\/\/www.actualidadadiario.com\/index.php\/wp-json\/wp\/v2\/comments?post=97448"}],"version-history":[{"count":1,"href":"https:\/\/www.actualidadadiario.com\/index.php\/wp-json\/wp\/v2\/posts\/97448\/revisions"}],"predecessor-version":[{"id":97450,"href":"https:\/\/www.actualidadadiario.com\/index.php\/wp-json\/wp\/v2\/posts\/97448\/revisions\/97450"}],"wp:featuredmedia":[{"embeddable":true,"href":"https:\/\/www.actualidadadiario.com\/index.php\/wp-json\/wp\/v2\/media\/97449"}],"wp:attachment":[{"href":"https:\/\/www.actualidadadiario.com\/index.php\/wp-json\/wp\/v2\/media?parent=97448"}],"wp:term":[{"taxonomy":"category","embeddable":true,"href":"https:\/\/www.actualidadadiario.com\/index.php\/wp-json\/wp\/v2\/categories?post=97448"},{"taxonomy":"post_tag","embeddable":true,"href":"https:\/\/www.actualidadadiario.com\/index.php\/wp-json\/wp\/v2\/tags?post=97448"}],"curies":[{"name":"wp","href":"https:\/\/api.w.org\/{rel}","templated":true}]}}