{"id":97434,"date":"2023-02-08T14:42:47","date_gmt":"2023-02-08T17:42:47","guid":{"rendered":"https:\/\/www.actualidadadiario.com\/?p=97434"},"modified":"2023-02-08T14:42:47","modified_gmt":"2023-02-08T17:42:47","slug":"cumplimos-con-nuestra-palabra-de-retomar-el-dialogo-en-febrero-aseguro-muller","status":"publish","type":"post","link":"https:\/\/www.actualidadadiario.com\/index.php\/2023\/02\/08\/cumplimos-con-nuestra-palabra-de-retomar-el-dialogo-en-febrero-aseguro-muller\/","title":{"rendered":"\u201cCumplimos con nuestra palabra de retomar el di\u00e1logo en febrero\u201d, asegur\u00f3 M\u00fcller"},"content":{"rendered":"<p style=\"text-align: center;\"><em><strong>Tras la primera reuni\u00f3n de paritaria docentes, el presidente del Consejo General de Educaci\u00f3n dijo que \u201ccumpliendo con el objetivo de nuestro gobernador de que la pauta salarial est\u00e9 por encima de la inflacionaria super\u00e1ndola por el cinco por ciento\u201d<\/strong><\/em><\/p>\n<p>&nbsp;<\/p>\n<p>&nbsp;<\/p>\n<p>Luego de la primera reuni\u00f3n, el titular del CGE, Mart\u00edn M\u00fcller, explic\u00f3 que el balance del 2022 en cuanto a lo salarial fue positivo \u201ccumpliendo con el objetivo de nuestro gobernador de que la pauta salarial est\u00e9 por encima de la inflacionaria, super\u00e1ndola por el cinco por ciento.&#8221;.<\/p>\n<p>Destac\u00f3 que &#8220;eso da un marco de confianza a la hora de encarar este di\u00e1logo desde otro lugar\u201d.<\/p>\n<p>En cuanto a la reuni\u00f3n de este mi\u00e9rcoles, expres\u00f3 que \u201chay un buen clima de trabajo, con las tensiones necesarias que habr\u00e1 en las pr\u00f3ximas reuniones, que ayudan a llegar a buen puerto. Nuestra expectativa escolar es la de 190 d\u00edas, comenzar las clases en tiempo y forma\u201d.<\/p>\n<p>Destac\u00f3 la importancia de &#8220;abrir el di\u00e1logo con los gremios docentes que instalan demandas puntuales, las cuales tenemos que trabajando coordinadamente con otras \u00e1reas de gobierno\u201d.<\/p>\n<p>Por \u00faltimo, se refiri\u00f3 a la posibilidad de abrir una comisi\u00f3n para analizar el nomenclador salarial: &#8220;Es una tarea muy compleja ordenar el escalaf\u00f3n docente en todas sus variables para generar una mayor equidad en funci\u00f3n de las responsabilidades que cada quien tiene\u201d.<\/p>\n","protected":false},"excerpt":{"rendered":"<p>Tras la primera reuni\u00f3n de paritaria docentes, el presidente del Consejo General de Educaci\u00f3n dijo que \u201ccumpliendo con el objetivo de nuestro gobernador de que la pauta salarial est\u00e9 por encima de la inflacionaria super\u00e1ndola por el cinco por ciento\u201d &nbsp; &nbsp; Luego de la primera reuni\u00f3n, el titular del CGE, Mart\u00edn M\u00fcller, explic\u00f3 que el balance del 2022 en cuanto a lo salarial fue positivo \u201ccumpliendo con el objetivo de nuestro gobernador de que la pauta salarial est\u00e9 por encima de la inflacionaria, super\u00e1ndola por el cinco por ciento.&#8221;&#8230;.<\/p>\n","protected":false},"author":3,"featured_media":95940,"comment_status":"closed","ping_status":"closed","sticky":false,"template":"","format":"standard","meta":[],"categories":[15],"tags":[],"_links":{"self":[{"href":"https:\/\/www.actualidadadiario.com\/index.php\/wp-json\/wp\/v2\/posts\/97434"}],"collection":[{"href":"https:\/\/www.actualidadadiario.com\/index.php\/wp-json\/wp\/v2\/posts"}],"about":[{"href":"https:\/\/www.actualidadadiario.com\/index.php\/wp-json\/wp\/v2\/types\/post"}],"author":[{"embeddable":true,"href":"https:\/\/www.actualidadadiario.com\/index.php\/wp-json\/wp\/v2\/users\/3"}],"replies":[{"embeddable":true,"href":"https:\/\/www.actualidadadiario.com\/index.php\/wp-json\/wp\/v2\/comments?post=97434"}],"version-history":[{"count":1,"href":"https:\/\/www.actualidadadiario.com\/index.php\/wp-json\/wp\/v2\/posts\/97434\/revisions"}],"predecessor-version":[{"id":97435,"href":"https:\/\/www.actualidadadiario.com\/index.php\/wp-json\/wp\/v2\/posts\/97434\/revisions\/97435"}],"wp:featuredmedia":[{"embeddable":true,"href":"https:\/\/www.actualidadadiario.com\/index.php\/wp-json\/wp\/v2\/media\/95940"}],"wp:attachment":[{"href":"https:\/\/www.actualidadadiario.com\/index.php\/wp-json\/wp\/v2\/media?parent=97434"}],"wp:term":[{"taxonomy":"category","embeddable":true,"href":"https:\/\/www.actualidadadiario.com\/index.php\/wp-json\/wp\/v2\/categories?post=97434"},{"taxonomy":"post_tag","embeddable":true,"href":"https:\/\/www.actualidadadiario.com\/index.php\/wp-json\/wp\/v2\/tags?post=97434"}],"curies":[{"name":"wp","href":"https:\/\/api.w.org\/{rel}","templated":true}]}}