{"id":97431,"date":"2023-02-08T14:42:08","date_gmt":"2023-02-08T17:42:08","guid":{"rendered":"https:\/\/www.actualidadadiario.com\/?p=97431"},"modified":"2023-02-08T14:42:08","modified_gmt":"2023-02-08T17:42:08","slug":"paritaria-gremios-docentes-solicitaron-que-los-aumentos-sean-acumulativos","status":"publish","type":"post","link":"https:\/\/www.actualidadadiario.com\/index.php\/2023\/02\/08\/paritaria-gremios-docentes-solicitaron-que-los-aumentos-sean-acumulativos\/","title":{"rendered":"Paritaria: gremios docentes solicitaron que los aumentos sean acumulativos"},"content":{"rendered":"<p style=\"text-align: center;\"><em><strong>Tanto los representantes de Agmer como los de AMET plantearon que los aumentos salariales que se concreten sean acumulativos. \u00a0Recordaron que para el \u00faltimo incremento se tom\u00f3 como base febrero del a\u00f1o pasado. Dijeron que el promedio provincial docente es de 150 mil pesos<\/strong><\/em><\/p>\n<p>&nbsp;<\/p>\n<p>&nbsp;<\/p>\n<p>Este este mi\u00e9rcoles en la Secretar\u00eda de Trabajo de la Provincia los gremios se dio inicio a la paritaria provincial docente.<\/p>\n<p>Tras el encuentro, el secretario General de la Asociaci\u00f3n Gremial del Magisterio de Entre R\u00edos (Agmer) dijo: \u201cEs una primera reuni\u00f3n paritaria y, teniendo en cuenta que la enorme complejidad que implica discutir salarios, es imposible que haya definiciones en una primera reuni\u00f3n\u201d.<\/p>\n<p>\u201cEl sindicato plante\u00f3 una serie de puntos y abordamos cuestiones generales: que la pauta salarial debe superar el \u00edndice de inflaci\u00f3n y que las sumas deben ser acumulativas\u201d.<\/p>\n<p>Tras afirmar que el \u00edndice de inflaci\u00f3n de enero y las definiciones que se den en la paritaria salarial (se re\u00fane este jueves) seguramente marcar\u00e1n el ritmo de las negociaciones provinciales, inform\u00f3 que el encuentro pas\u00f3 a un cuarto intermedio hasta el martes 14 a las 12.<\/p>\n<p>Por su parte, el secretario Adjunto de la Asociaci\u00f3n del Magisterio de Ense\u00f1anza T\u00e9cnica (AMET) manifest\u00f3 su diferencia con respecto a que los incrementos salariales se den en funci\u00f3n de la evoluci\u00f3n de la inflaci\u00f3n: \u201cUn sueldo promedio docente es de 150 mil pesos y no alcanza con equiparar los aumentos a la inflaci\u00f3n, sino que hay que tener en cuenta el alcance del poder adquisitivo\u201d.<\/p>\n<p>Coincidi\u00f3 con Pagani en que los aumentos que se definan deben ser acumulativos: \u201cNo se puede tomar como base lo que gan\u00e1bamos en el mes de febrero\u201d, concluy\u00f3.<\/p>\n","protected":false},"excerpt":{"rendered":"<p>Tanto los representantes de Agmer como los de AMET plantearon que los aumentos salariales que se concreten sean acumulativos. \u00a0Recordaron que para el \u00faltimo incremento se tom\u00f3 como base febrero del a\u00f1o pasado. Dijeron que el promedio provincial docente es de 150 mil pesos &nbsp; &nbsp; Este este mi\u00e9rcoles en la Secretar\u00eda de Trabajo de la Provincia los gremios se dio inicio a la paritaria provincial docente. Tras el encuentro, el secretario General de la Asociaci\u00f3n Gremial del Magisterio de Entre R\u00edos (Agmer) dijo: \u201cEs una primera reuni\u00f3n paritaria y,&#8230;<\/p>\n","protected":false},"author":3,"featured_media":97432,"comment_status":"closed","ping_status":"closed","sticky":false,"template":"","format":"standard","meta":[],"categories":[9,15],"tags":[],"_links":{"self":[{"href":"https:\/\/www.actualidadadiario.com\/index.php\/wp-json\/wp\/v2\/posts\/97431"}],"collection":[{"href":"https:\/\/www.actualidadadiario.com\/index.php\/wp-json\/wp\/v2\/posts"}],"about":[{"href":"https:\/\/www.actualidadadiario.com\/index.php\/wp-json\/wp\/v2\/types\/post"}],"author":[{"embeddable":true,"href":"https:\/\/www.actualidadadiario.com\/index.php\/wp-json\/wp\/v2\/users\/3"}],"replies":[{"embeddable":true,"href":"https:\/\/www.actualidadadiario.com\/index.php\/wp-json\/wp\/v2\/comments?post=97431"}],"version-history":[{"count":1,"href":"https:\/\/www.actualidadadiario.com\/index.php\/wp-json\/wp\/v2\/posts\/97431\/revisions"}],"predecessor-version":[{"id":97433,"href":"https:\/\/www.actualidadadiario.com\/index.php\/wp-json\/wp\/v2\/posts\/97431\/revisions\/97433"}],"wp:featuredmedia":[{"embeddable":true,"href":"https:\/\/www.actualidadadiario.com\/index.php\/wp-json\/wp\/v2\/media\/97432"}],"wp:attachment":[{"href":"https:\/\/www.actualidadadiario.com\/index.php\/wp-json\/wp\/v2\/media?parent=97431"}],"wp:term":[{"taxonomy":"category","embeddable":true,"href":"https:\/\/www.actualidadadiario.com\/index.php\/wp-json\/wp\/v2\/categories?post=97431"},{"taxonomy":"post_tag","embeddable":true,"href":"https:\/\/www.actualidadadiario.com\/index.php\/wp-json\/wp\/v2\/tags?post=97431"}],"curies":[{"name":"wp","href":"https:\/\/api.w.org\/{rel}","templated":true}]}}