{"id":97428,"date":"2023-02-08T14:41:26","date_gmt":"2023-02-08T17:41:26","guid":{"rendered":"https:\/\/www.actualidadadiario.com\/?p=97428"},"modified":"2023-02-08T14:41:26","modified_gmt":"2023-02-08T17:41:26","slug":"este-jueves-y-viernes-vuelven-a-las-escuelas-directivos-y-docentes","status":"publish","type":"post","link":"https:\/\/www.actualidadadiario.com\/index.php\/2023\/02\/08\/este-jueves-y-viernes-vuelven-a-las-escuelas-directivos-y-docentes\/","title":{"rendered":"Este jueves y viernes vuelven a las escuelas directivos y docentes"},"content":{"rendered":"<p style=\"text-align: center;\"><em><strong>El calendario escolar establece que este jueves se deber\u00e1n presentar supervisores y directivos en los establecimientos escolares, mientras que este viernes har\u00e1n lo propio los docentes<\/strong><\/em><\/p>\n<p>&nbsp;<\/p>\n<p>&nbsp;<\/p>\n<p>En el marco del reinicio de las actividades acad\u00e9micas, este jueves 9 de febrero deber\u00e1n presentarse en las escuelas supervisoras, supervisores y equipos directivos, seg\u00fan marca el calendario escolar 2023.<\/p>\n<p>En tanto, el viernes 10 deber\u00e1n hacer lo propio los docentes y el 27 de este mes comienzan las clases.<\/p>\n<p>Cabe destacar que el receso invernal tendr\u00e1 lugar entre el 10 y el 21 de julio y que las clases finalizar\u00e1n el viernes 22 de diciembre.<\/p>\n","protected":false},"excerpt":{"rendered":"<p>El calendario escolar establece que este jueves se deber\u00e1n presentar supervisores y directivos en los establecimientos escolares, mientras que este viernes har\u00e1n lo propio los docentes &nbsp; &nbsp; En el marco del reinicio de las actividades acad\u00e9micas, este jueves 9 de febrero deber\u00e1n presentarse en las escuelas supervisoras, supervisores y equipos directivos, seg\u00fan marca el calendario escolar 2023. En tanto, el viernes 10 deber\u00e1n hacer lo propio los docentes y el 27 de este mes comienzan las clases. Cabe destacar que el receso invernal tendr\u00e1 lugar entre el 10 y&#8230;<\/p>\n","protected":false},"author":3,"featured_media":97429,"comment_status":"closed","ping_status":"closed","sticky":false,"template":"","format":"standard","meta":[],"categories":[15],"tags":[],"_links":{"self":[{"href":"https:\/\/www.actualidadadiario.com\/index.php\/wp-json\/wp\/v2\/posts\/97428"}],"collection":[{"href":"https:\/\/www.actualidadadiario.com\/index.php\/wp-json\/wp\/v2\/posts"}],"about":[{"href":"https:\/\/www.actualidadadiario.com\/index.php\/wp-json\/wp\/v2\/types\/post"}],"author":[{"embeddable":true,"href":"https:\/\/www.actualidadadiario.com\/index.php\/wp-json\/wp\/v2\/users\/3"}],"replies":[{"embeddable":true,"href":"https:\/\/www.actualidadadiario.com\/index.php\/wp-json\/wp\/v2\/comments?post=97428"}],"version-history":[{"count":1,"href":"https:\/\/www.actualidadadiario.com\/index.php\/wp-json\/wp\/v2\/posts\/97428\/revisions"}],"predecessor-version":[{"id":97430,"href":"https:\/\/www.actualidadadiario.com\/index.php\/wp-json\/wp\/v2\/posts\/97428\/revisions\/97430"}],"wp:featuredmedia":[{"embeddable":true,"href":"https:\/\/www.actualidadadiario.com\/index.php\/wp-json\/wp\/v2\/media\/97429"}],"wp:attachment":[{"href":"https:\/\/www.actualidadadiario.com\/index.php\/wp-json\/wp\/v2\/media?parent=97428"}],"wp:term":[{"taxonomy":"category","embeddable":true,"href":"https:\/\/www.actualidadadiario.com\/index.php\/wp-json\/wp\/v2\/categories?post=97428"},{"taxonomy":"post_tag","embeddable":true,"href":"https:\/\/www.actualidadadiario.com\/index.php\/wp-json\/wp\/v2\/tags?post=97428"}],"curies":[{"name":"wp","href":"https:\/\/api.w.org\/{rel}","templated":true}]}}