{"id":97423,"date":"2023-02-08T14:40:03","date_gmt":"2023-02-08T17:40:03","guid":{"rendered":"https:\/\/www.actualidadadiario.com\/?p=97423"},"modified":"2023-02-08T14:40:03","modified_gmt":"2023-02-08T17:40:03","slug":"la-luz-volvera-a-subir-en-entre-rios","status":"publish","type":"post","link":"https:\/\/www.actualidadadiario.com\/index.php\/2023\/02\/08\/la-luz-volvera-a-subir-en-entre-rios\/","title":{"rendered":"La luz volver\u00e1 a subir en Entre R\u00edos"},"content":{"rendered":"<p style=\"text-align: center;\"><em><strong>El Ente Provincial Regulador de Energ\u00eda (EPRE) aprob\u00f3 para Enersa un aumento de tarifas de luz de entre 10% y 15%, debido a la suba de la electricidad a nivel nacional<\/strong><\/em><\/p>\n<p>&nbsp;<\/p>\n<p>&nbsp;<\/p>\n<p>El Ente Provincial Regulador de Energ\u00eda (EPRE) autoriz\u00f3 un incremento en el costo de la energ\u00eda el\u00e9ctrica para los usuarios finales mediante una resoluci\u00f3n publicada el lunes.<\/p>\n<p>El organismo autoriz\u00f3 el pedido de aumento que elev\u00f3 Enersa. La empresa refiri\u00f3 a una Resoluci\u00f3n de la Secretaria de Energ\u00eda de la Naci\u00f3n que aprob\u00f3 una suba en los costos de la electricidad en el mercado mayorista a nivel pa\u00eds.<\/p>\n<p>El EPRE record\u00f3 en su Resoluci\u00f3n que el Cuadro Tarifario provincial se recalcular\u00e1 &#8220;cuando se produzcan variaciones en los precios del Mercado El\u00e9ctrico Mayorista (MEM) y el costo del sistema de transporte&#8221;.<\/p>\n<p>Tambi\u00e9n hizo referencia a la Resoluci\u00f3n del 31 de enero que, por orden del gobernador Gustavo Bordet, suspendi\u00f3 transitoria y excepcionalmente el traslado a los usuarios del incremento del VAD (Valor Agregado de Distribuci\u00f3n), el componente que a nivel provincial suman a la boleta las empresas distribuidoras, como Enersa y las cooperativas.<\/p>\n<p>Ahora, luego de conocerse el aumento dispuesto por el gobierno nacional, Enersa present\u00f3 al EPRE el 2 de febrero, para su aprobaci\u00f3n, un nuevo Cuadro Tarifario para Entre R\u00edos, para el per\u00edodo del 1\u00ba de febrero de 2023 al 30 de abril<\/p>\n<p>La nueva suba rondar\u00e1 el 10% o 15%. Para usuarios residenciales del nivel 2, de menores ingresos, no habr\u00e1 aumento. Para aquellos de ingresos medios (Nivel 3), en promedio, el incremento ser\u00e1 del 10% hasta los 400 kilovatios consumidos. Si gastan m\u00e1s electricidad, la suba ser\u00e1 del 15%, que es el incremento que pagar\u00e1n todos los usuarios de altos ingresos (Nivel 1).<\/p>\n<p>Por \u00faltimo, el EPRE aclar\u00f3 que la vigencia del nuevo Cuadro Tarifario &#8220;queda condicionado a que no se produzcan nuevas modificaciones en los precios mayoristas de energ\u00eda a nivel nacional&#8221;, por lo que si el gobierno central decide otorgar mayores subas, podr\u00e1n impactar en Entre R\u00edos, public\u00f3 Uno.<\/p>\n","protected":false},"excerpt":{"rendered":"<p>El Ente Provincial Regulador de Energ\u00eda (EPRE) aprob\u00f3 para Enersa un aumento de tarifas de luz de entre 10% y 15%, debido a la suba de la electricidad a nivel nacional &nbsp; &nbsp; El Ente Provincial Regulador de Energ\u00eda (EPRE) autoriz\u00f3 un incremento en el costo de la energ\u00eda el\u00e9ctrica para los usuarios finales mediante una resoluci\u00f3n publicada el lunes. El organismo autoriz\u00f3 el pedido de aumento que elev\u00f3 Enersa. La empresa refiri\u00f3 a una Resoluci\u00f3n de la Secretaria de Energ\u00eda de la Naci\u00f3n que aprob\u00f3 una suba en los&#8230;<\/p>\n","protected":false},"author":3,"featured_media":82033,"comment_status":"closed","ping_status":"closed","sticky":false,"template":"","format":"standard","meta":[],"categories":[9,15],"tags":[],"_links":{"self":[{"href":"https:\/\/www.actualidadadiario.com\/index.php\/wp-json\/wp\/v2\/posts\/97423"}],"collection":[{"href":"https:\/\/www.actualidadadiario.com\/index.php\/wp-json\/wp\/v2\/posts"}],"about":[{"href":"https:\/\/www.actualidadadiario.com\/index.php\/wp-json\/wp\/v2\/types\/post"}],"author":[{"embeddable":true,"href":"https:\/\/www.actualidadadiario.com\/index.php\/wp-json\/wp\/v2\/users\/3"}],"replies":[{"embeddable":true,"href":"https:\/\/www.actualidadadiario.com\/index.php\/wp-json\/wp\/v2\/comments?post=97423"}],"version-history":[{"count":1,"href":"https:\/\/www.actualidadadiario.com\/index.php\/wp-json\/wp\/v2\/posts\/97423\/revisions"}],"predecessor-version":[{"id":97424,"href":"https:\/\/www.actualidadadiario.com\/index.php\/wp-json\/wp\/v2\/posts\/97423\/revisions\/97424"}],"wp:featuredmedia":[{"embeddable":true,"href":"https:\/\/www.actualidadadiario.com\/index.php\/wp-json\/wp\/v2\/media\/82033"}],"wp:attachment":[{"href":"https:\/\/www.actualidadadiario.com\/index.php\/wp-json\/wp\/v2\/media?parent=97423"}],"wp:term":[{"taxonomy":"category","embeddable":true,"href":"https:\/\/www.actualidadadiario.com\/index.php\/wp-json\/wp\/v2\/categories?post=97423"},{"taxonomy":"post_tag","embeddable":true,"href":"https:\/\/www.actualidadadiario.com\/index.php\/wp-json\/wp\/v2\/tags?post=97423"}],"curies":[{"name":"wp","href":"https:\/\/api.w.org\/{rel}","templated":true}]}}