{"id":97417,"date":"2023-02-08T14:38:34","date_gmt":"2023-02-08T17:38:34","guid":{"rendered":"https:\/\/www.actualidadadiario.com\/?p=97417"},"modified":"2023-02-08T14:38:34","modified_gmt":"2023-02-08T17:38:34","slug":"danza-de-nombres-para-reemplazar-a-manzur-en-jefatura-de-gabinete","status":"publish","type":"post","link":"https:\/\/www.actualidadadiario.com\/index.php\/2023\/02\/08\/danza-de-nombres-para-reemplazar-a-manzur-en-jefatura-de-gabinete\/","title":{"rendered":"Danza de nombres para reemplazar a Manzur en Jefatura de Gabinete"},"content":{"rendered":"<p style=\"text-align: center;\"><em><strong>Fin de traves\u00eda para Juan Manzur en Jefatura de Gabinete. Lo confirm\u00f3 Alberto Fern\u00e1ndez este martes en un acto en Taf\u00ed Viejo. &#8220;Vamos a devolver a Juan (Manzur) a los tucumanos para que trabaje y lleve al triunfo al peronismo&#8221;, dijo el Presidente<\/strong><\/em><\/p>\n<p>&nbsp;<\/p>\n<p>&nbsp;<\/p>\n<p>Lleg\u00f3 el momento: Juan Manzur volver\u00e1 a Tucum\u00e1n para hacer campa\u00f1a como candidato a vicegobernador de Osvaldo Jaldo y dejar\u00e1 su puesto como jefe de Gabinete. En Casa Rosada est\u00e1n terminando de definir qu\u00e9 har\u00e1n: si queda en su lugar el vicejefe de la cartera, Juan Manuel Olmos, o si eligen a otra persona para que lo reemplace. Es probable que la salida sea el 15 de febrero, dicen cerca del Presidente.<\/p>\n<p>La famosa danza de nombres ya empez\u00f3 a girar por los pasillos de Casa Rosada. Por m\u00e1s que desde el gobierno ya sab\u00edan y estaba conversado hace meses que Manzur se ir\u00eda durante el verano para hacer campa\u00f1a, todav\u00eda no est\u00e1 en claro si se tratar\u00e1 solo de una licencia, como hab\u00edan dicho que ocurrir\u00eda, o de un nuevo cambio de gabinete.<\/p>\n<p>&nbsp;<\/p>\n<p><strong>La despedida de Manzur<\/strong><\/p>\n<p>En un acto que el presidente Alberto Fern\u00e1ndez comparti\u00f3 este martes en Tucum\u00e1n junto con el gobernador Jaldo y Manzur, dijo: &#8220;Ahora que viene un tiempo de inflexi\u00f3n vamos a devolverle a Juan a los tucumanos para que lleve al triunfo al peronismo&#8221;. El jefe de Gabinete, en tanto, anunci\u00f3 que &#8220;a partir de hoy asumo la total y plena responsabilidad como jefe de campa\u00f1a de Osvaldo Jaldo&#8221;. Seg\u00fan confirmaron desde el Gobierno, el ministro y el Presidente hab\u00edan tenido una charla previa al respecto y acordaron que dejar\u00edan en claro la salida del Manzur durante el acto.<\/p>\n<p>A modo de despedida, Fern\u00e1ndez le agradeci\u00f3 a Manzur por haber dejado la provincia en 2021 para acompa\u00f1arlo como jefe de ministros. &#8220;En mi gobierno tuve que soportar la guerra, la pandemia y tuve que soportar conflictos internos, \u00bfpor qu\u00e9 no decirlo? y hubo un momento dif\u00edcil en el que necesit\u00e9 de Juan para que me acompa\u00f1ara en la Jefatura de Gabinete. Le ped\u00ed que viniera y que dejara el gobierno de Tucum\u00e1n para que me ayudara. Gracias por acompa\u00f1arme, Juan. Lo hiciste lealmente, con mucha fuerza y con la consigna de buscar la unidad&#8221;, le dijo al recordar su ingreso al Ejecutivo nacional, en septiembre de 2021, tras el episodio de la presentaci\u00f3n masiva de renuncias por parte de funcionarios del kirchnerismo, que encabez\u00f3 el ministro del Interior Eduardo de Pedro, luego de la derrota en las PASO.<\/p>\n<p>Jaldo y Manzur, durante sus discursos, le dieron un fuerte respaldo a Fern\u00e1ndez, que por estas horas sigue insistiendo con que quiere ser candidato e ir por su reelecci\u00f3n -algo que se debatir\u00e1 en la mesa del FDT que se har\u00e1 el jueves de la semana que viene-. &#8220;Alberto, usted decida que nosotros acompa\u00f1amos&#8221;, le dijo Jaldo encendido sobre el escenario. Minutos m\u00e1s tarde, Manzur a\u00f1adi\u00f3: &#8220;Alberto, Tucum\u00e1n te quiere, est\u00e1 agradecido y te valora. Lo que vos decidas, el peronismo tucumano te va a seguir&#8221;.<\/p>\n<p>&nbsp;<\/p>\n<p><strong>La danza de nombres<\/strong><\/p>\n<p>Algunos de los nombres que circulan como posibles reemplazos son el del titular de la AFI, Agust\u00edn Rossi, el del embajador de la Argentina en Brasil, Daniel Scioli y tambi\u00e9n el del Canciller Santiago Cafiero, que ocup\u00f3 ese puesto al comienzo del gobierno. Desde el entorno de los tres funcionarios, sin embargo, negaron haber recibido la propuesta por parte del Presidente para ocupar el cargo.<\/p>\n<p>Cerca de Cafiero aseguraron que su regreso a la Jefatura no est\u00e1 en los planes de nadie y que el canciller ya cumpli\u00f3 esa tarea en un complejo momento del pa\u00eds atravesado por la pandemia. En el entorno de Rossi, adem\u00e1s de decir que no lo llamaron para ofrecerle el puesto, agregaron que &#8220;est\u00e1 c\u00f3modo&#8221; con la gesti\u00f3n de la agencia y que a\u00fan tiene muchos objetivos pendientes por resolver este a\u00f1o all\u00ed. Cerca de Scioli explicaron que el rumor es falso y que se trata solo de especulaciones infundadas.<\/p>\n<p>La opci\u00f3n que para muchos oficialistas es la m\u00e1s viable es la de Olmos. \u00c9l ya est\u00e1 al tanto del funcionamiento de la Jefatura porque desde que cambi\u00f3 el ministro de Econom\u00eda en agosto de 2022 y desembarc\u00f3 en el Ejecutivo Sergio Massa, \u00e9l asumi\u00f3 como vicejefe de gabinete en reemplazo de Jorge Neme, que pas\u00f3 a formar parte de la cartera del tigrense.<\/p>\n<p>Adem\u00e1s, en los \u00faltimos d\u00edas Olmos estuvo en el centro de la agenda porque, por encomendaci\u00f3n de Fern\u00e1ndez, fue el organizador de la famosa mesa pol\u00edtica del Frente de Todos que finalmente se llevar\u00e1 a cabo el jueves 16. Para eso habl\u00f3 con todas las patas del oficialismo. No solo tiene un di\u00e1logo fluido y buena relaci\u00f3n con Massa, sino tambi\u00e9n con el ministro del Interior, Eduardo de Pedro. Dos referentes muy importantes de las otras patas del FDT.<\/p>\n<p>Olmos, apoderado del Partido Justicialista, es un hombre de confianza del Presidente y desde el comienzo de la gesti\u00f3n trabaj\u00f3 con \u00e9l codo a codo en Casa Rosada. En un principio lo hizo como jefe de sus asesores y ahora como vicejefe de gabinete. Siempre fue parte del c\u00edrculo \u00edntimo del mandatario. Cerca de Olmos no confirman que \u00e9l sea el reemplazo de Manzur y muchos se lo atribuyen a que &#8220;le gusta el bajo perfil&#8221;. M\u00e1s all\u00e1 de eso, cerca de Fern\u00e1ndez consideran que \u00e9l es el reemplazo natural del tucumano. &#8220;Tiene casi todas las fichas&#8221;, dicen. Habr\u00e1 que esperar unos d\u00edas, o quiz\u00e1s horas, para ver c\u00f3mo se termina de resolver esta nueva baja en el gabinete nacional, que ya es casi un hecho.<\/p>\n","protected":false},"excerpt":{"rendered":"<p>Fin de traves\u00eda para Juan Manzur en Jefatura de Gabinete. Lo confirm\u00f3 Alberto Fern\u00e1ndez este martes en un acto en Taf\u00ed Viejo. &#8220;Vamos a devolver a Juan (Manzur) a los tucumanos para que trabaje y lleve al triunfo al peronismo&#8221;, dijo el Presidente &nbsp; &nbsp; Lleg\u00f3 el momento: Juan Manzur volver\u00e1 a Tucum\u00e1n para hacer campa\u00f1a como candidato a vicegobernador de Osvaldo Jaldo y dejar\u00e1 su puesto como jefe de Gabinete. En Casa Rosada est\u00e1n terminando de definir qu\u00e9 har\u00e1n: si queda en su lugar el vicejefe de la cartera,&#8230;<\/p>\n","protected":false},"author":3,"featured_media":97418,"comment_status":"closed","ping_status":"closed","sticky":false,"template":"","format":"standard","meta":[],"categories":[18],"tags":[],"_links":{"self":[{"href":"https:\/\/www.actualidadadiario.com\/index.php\/wp-json\/wp\/v2\/posts\/97417"}],"collection":[{"href":"https:\/\/www.actualidadadiario.com\/index.php\/wp-json\/wp\/v2\/posts"}],"about":[{"href":"https:\/\/www.actualidadadiario.com\/index.php\/wp-json\/wp\/v2\/types\/post"}],"author":[{"embeddable":true,"href":"https:\/\/www.actualidadadiario.com\/index.php\/wp-json\/wp\/v2\/users\/3"}],"replies":[{"embeddable":true,"href":"https:\/\/www.actualidadadiario.com\/index.php\/wp-json\/wp\/v2\/comments?post=97417"}],"version-history":[{"count":1,"href":"https:\/\/www.actualidadadiario.com\/index.php\/wp-json\/wp\/v2\/posts\/97417\/revisions"}],"predecessor-version":[{"id":97419,"href":"https:\/\/www.actualidadadiario.com\/index.php\/wp-json\/wp\/v2\/posts\/97417\/revisions\/97419"}],"wp:featuredmedia":[{"embeddable":true,"href":"https:\/\/www.actualidadadiario.com\/index.php\/wp-json\/wp\/v2\/media\/97418"}],"wp:attachment":[{"href":"https:\/\/www.actualidadadiario.com\/index.php\/wp-json\/wp\/v2\/media?parent=97417"}],"wp:term":[{"taxonomy":"category","embeddable":true,"href":"https:\/\/www.actualidadadiario.com\/index.php\/wp-json\/wp\/v2\/categories?post=97417"},{"taxonomy":"post_tag","embeddable":true,"href":"https:\/\/www.actualidadadiario.com\/index.php\/wp-json\/wp\/v2\/tags?post=97417"}],"curies":[{"name":"wp","href":"https:\/\/api.w.org\/{rel}","templated":true}]}}