{"id":97411,"date":"2023-02-08T14:37:07","date_gmt":"2023-02-08T17:37:07","guid":{"rendered":"https:\/\/www.actualidadadiario.com\/?p=97411"},"modified":"2023-02-08T14:37:07","modified_gmt":"2023-02-08T17:37:07","slug":"el-gobierno-define-el-futuro-de-la-vacunacion-contra-el-covid","status":"publish","type":"post","link":"https:\/\/www.actualidadadiario.com\/index.php\/2023\/02\/08\/el-gobierno-define-el-futuro-de-la-vacunacion-contra-el-covid\/","title":{"rendered":"El Gobierno define el futuro de la vacunaci\u00f3n contra el Covid"},"content":{"rendered":"<p style=\"text-align: center;\"><em><strong>El tema ser\u00e1 analizado en el marco de una reuni\u00f3n de la Comisi\u00f3n Nacional de Inmunizaciones (CoNaIn). &#8220;No podemos darnos un refuerzo cada cuatro meses&#8221;, reconoci\u00f3 la ministra de Salud, Carla Vizzotti<\/strong><\/em><\/p>\n<p>&nbsp;<\/p>\n<p>&nbsp;<\/p>\n<p>El Gobierno definir\u00e1 a fines de febrero c\u00f3mo continuar\u00e1 la campa\u00f1a de vacunaci\u00f3n contra el coronavirus y una de las principales posibilidades es que se determine una dosis anual para grupos de riesgo, en coincidencia con la campa\u00f1a antigripal.<\/p>\n<p>As\u00ed lo indic\u00f3 la ministra de Salud, Carla Vizzotti, quien precis\u00f3 que esa definici\u00f3n se dar\u00e1 el pr\u00f3ximo 23 de febrero en el marco de una reuni\u00f3n de la Comisi\u00f3n Nacional de Inmunizaciones (CoNaIn), un organismo t\u00e9cnico que asesora a las autoridades nacionales y a los definidores de pol\u00edticas para tomar decisiones sobre aspectos relacionados con la inmunizaci\u00f3n basados en la evidencia y\/o en la epidemiolog\u00eda local.<\/p>\n<p>&#8220;El virus no va a desaparecer. Si nos enfermamos, no nos duran las defensas de por vida; la vacuna no previene el 100% la posibilidad de enfermarnos y tampoco tiene una duraci\u00f3n de m\u00e1s de seis meses a un a\u00f1o&#8221;, explic\u00f3 la funcionaria nacional.<\/p>\n<p>En ese sentido, la titular de la cartera sanitaria remarc\u00f3 que la circulaci\u00f3n del virus Sars-Cov-2 har\u00e1 que &#8220;haya contagios y que aumenten peri\u00f3dicamente los casos&#8221;.<\/p>\n<p>&#8220;La herramienta, que es la vacuna, es lo m\u00e1s importante para que no se traduzcan en hospitalizaciones o muertes, sobre todo en las personas que tienen m\u00e1s riesgos&#8221; al contraer coronavirus, indic\u00f3.<\/p>\n<p>Al ser consultada sobre el futuro de la campa\u00f1a de vacunaci\u00f3n contra el Covid-19, la ministra de Salud anticip\u00f3 que el 23 de febrero habr\u00e1 una reuni\u00f3n de la Comisi\u00f3n Nacional de Inmunizaciones para definir ese tema.<\/p>\n<p>&#8220;El planteo es que tampoco podemos darnos un refuerzo cada cuatro meses y guiarnos sobre las recomendaciones solamente por la cantidad de anticuerpos&#8221;, explic\u00f3 Vizzotti, quien apel\u00f3 al concepto de &#8220;memoria inmunol\u00f3gica&#8221; para justificar las eventuales modificaciones en la estrategia de aplicaci\u00f3n de dosis.<\/p>\n<p>Y profundiz\u00f3: &#8220;La intenci\u00f3n es evaluar toda la evidencia cient\u00edfica y poder definir si los refuerzos pueden ser anuales, siempre pensando en la \u00e9poca de vacunaci\u00f3n antigripal, con una poblaci\u00f3n objetivo similar, para poder aprovechar esa oportunidad&#8221;.<\/p>\n<p>Finalmente, la integrante del Gabinete se refiri\u00f3 a las elecciones de este a\u00f1o y descart\u00f3 la posibilidad de ser candidata para alg\u00fan puesto: &#8220;La verdad es que ni siquiera me puse a pensarlo&#8221;.<\/p>\n<p>&#8220;Much\u00edsimos ministros de Salud de las provincias y de la Ciudad han sido figuras muy visibles y han sido candidatos, pero no es lo que yo estoy pensando, para nada&#8221;, concluy\u00f3.<\/p>\n","protected":false},"excerpt":{"rendered":"<p>El tema ser\u00e1 analizado en el marco de una reuni\u00f3n de la Comisi\u00f3n Nacional de Inmunizaciones (CoNaIn). &#8220;No podemos darnos un refuerzo cada cuatro meses&#8221;, reconoci\u00f3 la ministra de Salud, Carla Vizzotti &nbsp; &nbsp; El Gobierno definir\u00e1 a fines de febrero c\u00f3mo continuar\u00e1 la campa\u00f1a de vacunaci\u00f3n contra el coronavirus y una de las principales posibilidades es que se determine una dosis anual para grupos de riesgo, en coincidencia con la campa\u00f1a antigripal. As\u00ed lo indic\u00f3 la ministra de Salud, Carla Vizzotti, quien precis\u00f3 que esa definici\u00f3n se dar\u00e1 el&#8230;<\/p>\n","protected":false},"author":3,"featured_media":97412,"comment_status":"closed","ping_status":"closed","sticky":false,"template":"","format":"standard","meta":[],"categories":[18],"tags":[],"_links":{"self":[{"href":"https:\/\/www.actualidadadiario.com\/index.php\/wp-json\/wp\/v2\/posts\/97411"}],"collection":[{"href":"https:\/\/www.actualidadadiario.com\/index.php\/wp-json\/wp\/v2\/posts"}],"about":[{"href":"https:\/\/www.actualidadadiario.com\/index.php\/wp-json\/wp\/v2\/types\/post"}],"author":[{"embeddable":true,"href":"https:\/\/www.actualidadadiario.com\/index.php\/wp-json\/wp\/v2\/users\/3"}],"replies":[{"embeddable":true,"href":"https:\/\/www.actualidadadiario.com\/index.php\/wp-json\/wp\/v2\/comments?post=97411"}],"version-history":[{"count":1,"href":"https:\/\/www.actualidadadiario.com\/index.php\/wp-json\/wp\/v2\/posts\/97411\/revisions"}],"predecessor-version":[{"id":97413,"href":"https:\/\/www.actualidadadiario.com\/index.php\/wp-json\/wp\/v2\/posts\/97411\/revisions\/97413"}],"wp:featuredmedia":[{"embeddable":true,"href":"https:\/\/www.actualidadadiario.com\/index.php\/wp-json\/wp\/v2\/media\/97412"}],"wp:attachment":[{"href":"https:\/\/www.actualidadadiario.com\/index.php\/wp-json\/wp\/v2\/media?parent=97411"}],"wp:term":[{"taxonomy":"category","embeddable":true,"href":"https:\/\/www.actualidadadiario.com\/index.php\/wp-json\/wp\/v2\/categories?post=97411"},{"taxonomy":"post_tag","embeddable":true,"href":"https:\/\/www.actualidadadiario.com\/index.php\/wp-json\/wp\/v2\/tags?post=97411"}],"curies":[{"name":"wp","href":"https:\/\/api.w.org\/{rel}","templated":true}]}}