{"id":97409,"date":"2023-02-08T14:36:24","date_gmt":"2023-02-08T17:36:24","guid":{"rendered":"https:\/\/www.actualidadadiario.com\/?p=97409"},"modified":"2023-02-08T14:36:24","modified_gmt":"2023-02-08T17:36:24","slug":"paso-2023-elisa-carrio-anuncio-que-sera-candidata-a-presidenta","status":"publish","type":"post","link":"https:\/\/www.actualidadadiario.com\/index.php\/2023\/02\/08\/paso-2023-elisa-carrio-anuncio-que-sera-candidata-a-presidenta\/","title":{"rendered":"PASO 2023: Elisa Carri\u00f3 anunci\u00f3 que ser\u00e1 candidata a presidenta"},"content":{"rendered":"<p style=\"text-align: center;\"><em><strong>La l\u00edder de la Uni\u00f3n C\u00edvica Ari confirm\u00f3 que se postular\u00e1 por la presidencia para \u201cgarantizar la unidad\u201d en la principal coalici\u00f3n opositora y revel\u00f3 que &#8220;est\u00e1 trabajando para eso&#8221;. Se suma m\u00e1s tensi\u00f3n a Juntos por el Cambio que definir\u00e1 la interna en las elecciones primarias<\/strong><\/em><\/p>\n<p>&nbsp;<\/p>\n<p>&nbsp;<\/p>\n<p>Una interna sin freno. Elisa \u201cLilita\u201d Carri\u00f3 anunci\u00f3\u00a0 este mi\u00e9rcoles que ser\u00e1 candidata a presidenta en representaci\u00f3n de su partido la Coalici\u00f3n C\u00edvica ARI y se suma a la definici\u00f3n que tendr\u00e1 la interna de Juntos por el Cambio (JxC) en las elecciones primarias de este a\u00f1o.<\/p>\n<p>\u201cYo pretendo que haya una gran oferta electoral en materia presidencial y de gobernadores, y unidad para las listas de legisladores\u201d, manifest\u00f3 Carri\u00f3 en di\u00e1logo con Radio Mitre.<\/p>\n<p>La l\u00edder opositora hab\u00eda hecho comentarios respecto a los candidatos de JxC pero no lo hab\u00eda definido hasta este mi\u00e9rcoles: \u201cYo soy candidata para garantizar la unidad, no pretendo ganar, pretendo que no haya un debate a muerte en Juntos por el Cambio\u201d, sintetiz\u00f3.<\/p>\n<p>Adem\u00e1s, Carri\u00f3 anticip\u00f3 que iniciar\u00e1 su campa\u00f1a en mayo y sostuvo que est\u00e1 \u201cdispuesta\u201d\u00a0 a competir en la interna con los postulantes del PRO y con los del radicalismo.<\/p>\n<p>D\u00edas atr\u00e1s lo hab\u00eda adelantado: &#8220;Ser\u00eda candidata a presidente. Quiero lograr la unidad de las listas. Yo soy fundadora de Juntos por el Cambio, el primer objetivo es lograr la unidad de todos&#8221;, sostuvo la dirigente en di\u00e1logo con Urbana Play.<\/p>\n<p>Ahora, oficialmente Lilita se suma a la carrera contra la presidenta del PRO, Patricia Bullrich, el actual jefe de Gobierno porte\u00f1o, Horacio Rodr\u00edguez Larreta, y contra el l\u00edder de la UCR, Gerardo Morales. En ese escenario por ahora desde el PRO tambi\u00e9n incluyen a la ex gobernadora bonaerense Mar\u00eda Eugenia Vidal que de todas formas sostuvo que se bajar\u00eda si el expresidente Mauricio Macri se presentaba.<\/p>\n<p>Por su parte, Macri todav\u00eda no tom\u00f3 una decisi\u00f3n firme y coquetea con la idea de ir por una segunda elecci\u00f3n su \u201cindefinici\u00f3n\u201d genera molestias y reclamos en los sectores de la UCR de JxC.<\/p>\n","protected":false},"excerpt":{"rendered":"<p>La l\u00edder de la Uni\u00f3n C\u00edvica Ari confirm\u00f3 que se postular\u00e1 por la presidencia para \u201cgarantizar la unidad\u201d en la principal coalici\u00f3n opositora y revel\u00f3 que &#8220;est\u00e1 trabajando para eso&#8221;. Se suma m\u00e1s tensi\u00f3n a Juntos por el Cambio que definir\u00e1 la interna en las elecciones primarias &nbsp; &nbsp; Una interna sin freno. Elisa \u201cLilita\u201d Carri\u00f3 anunci\u00f3\u00a0 este mi\u00e9rcoles que ser\u00e1 candidata a presidenta en representaci\u00f3n de su partido la Coalici\u00f3n C\u00edvica ARI y se suma a la definici\u00f3n que tendr\u00e1 la interna de Juntos por el Cambio (JxC) en&#8230;<\/p>\n","protected":false},"author":3,"featured_media":39115,"comment_status":"closed","ping_status":"closed","sticky":false,"template":"","format":"standard","meta":[],"categories":[18],"tags":[],"_links":{"self":[{"href":"https:\/\/www.actualidadadiario.com\/index.php\/wp-json\/wp\/v2\/posts\/97409"}],"collection":[{"href":"https:\/\/www.actualidadadiario.com\/index.php\/wp-json\/wp\/v2\/posts"}],"about":[{"href":"https:\/\/www.actualidadadiario.com\/index.php\/wp-json\/wp\/v2\/types\/post"}],"author":[{"embeddable":true,"href":"https:\/\/www.actualidadadiario.com\/index.php\/wp-json\/wp\/v2\/users\/3"}],"replies":[{"embeddable":true,"href":"https:\/\/www.actualidadadiario.com\/index.php\/wp-json\/wp\/v2\/comments?post=97409"}],"version-history":[{"count":1,"href":"https:\/\/www.actualidadadiario.com\/index.php\/wp-json\/wp\/v2\/posts\/97409\/revisions"}],"predecessor-version":[{"id":97410,"href":"https:\/\/www.actualidadadiario.com\/index.php\/wp-json\/wp\/v2\/posts\/97409\/revisions\/97410"}],"wp:featuredmedia":[{"embeddable":true,"href":"https:\/\/www.actualidadadiario.com\/index.php\/wp-json\/wp\/v2\/media\/39115"}],"wp:attachment":[{"href":"https:\/\/www.actualidadadiario.com\/index.php\/wp-json\/wp\/v2\/media?parent=97409"}],"wp:term":[{"taxonomy":"category","embeddable":true,"href":"https:\/\/www.actualidadadiario.com\/index.php\/wp-json\/wp\/v2\/categories?post=97409"},{"taxonomy":"post_tag","embeddable":true,"href":"https:\/\/www.actualidadadiario.com\/index.php\/wp-json\/wp\/v2\/tags?post=97409"}],"curies":[{"name":"wp","href":"https:\/\/api.w.org\/{rel}","templated":true}]}}