{"id":97407,"date":"2023-02-08T14:35:44","date_gmt":"2023-02-08T17:35:44","guid":{"rendered":"https:\/\/www.actualidadadiario.com\/?p=97407"},"modified":"2023-02-08T14:35:44","modified_gmt":"2023-02-08T17:35:44","slug":"mario-negri-cuestiono-a-mauricio-macri-por-no-definir-si-se-va-a-postular-como-candidato","status":"publish","type":"post","link":"https:\/\/www.actualidadadiario.com\/index.php\/2023\/02\/08\/mario-negri-cuestiono-a-mauricio-macri-por-no-definir-si-se-va-a-postular-como-candidato\/","title":{"rendered":"Mario Negri cuestion\u00f3 a Mauricio Macri por no definir si se va a postular como candidato"},"content":{"rendered":"<p style=\"text-align: center;\"><em><strong>El jefe del bloque de diputados por el radicalismo insisti\u00f3 sobre &#8220;una inflaci\u00f3n de candidatos&#8221; dentro de Juntos por el Cambio. Se refiri\u00f3 a la interna del Frente de Todos y a la estrategia electoral del partido<\/strong><\/em><\/p>\n<p>&nbsp;<\/p>\n<p>&nbsp;<\/p>\n<p>&nbsp;<\/p>\n<p>El jefe de diputados por la UCR, Mario Negri, carg\u00f3 contra la indefinici\u00f3n de una posible candidatura del expresidente Mauricio Macri en las elecciones presidenciales de este a\u00f1o, y remarc\u00f3 que le gustar\u00eda que tenga &#8220;otro rol&#8221;. &#8220;Que demore su decisi\u00f3n personal no le hace bien a la coalici\u00f3n&#8221; de Juntos por el Cambio, asegur\u00f3.<\/p>\n<p>&#8220;Una persona con ese peso y ese volumen, m\u00e1s all\u00e1 de las condiciones de competitividad que tenga o no, que demore su decisi\u00f3n personal no le hace bien a la coalici\u00f3n, pero tampoco le hace bien a los argentinos&#8221;, sostuvo.<\/p>\n<p>En una entrevista en LN+, Negri subray\u00f3 que &#8220;siempre que un expresidente que termine una etapa como la que nos pas\u00f3 a nosotros y quede con un plus arriba&#8230; A m\u00ed me hubiera gustado que cumpla otro rol en la coalici\u00f3n&#8221; y continu\u00f3: &#8220;Pero no depende de m\u00ed, es una visi\u00f3n personal que tengo cuando uno est\u00e1 arriba, en vez de bajar al barro, trato de que no haya barro. Pero es un comentario de bar, nada m\u00e1s&#8221;.<\/p>\n<p>De confirmarse la entrada de Macri en la competencia presidencial, se contabilizar\u00edan al menos tres precandidatos con fuerte peso rumbo a las PASO dentro de Juntos por el Cambio. Aun as\u00ed, el cordob\u00e9s sostuvo que dentro de la coalici\u00f3n opositora &#8220;hay una inflaci\u00f3n de candidatos&#8221; e indic\u00f3 que &#8220;se est\u00e1 trabajando fuertemente&#8221; en la unidad: &#8220;Tenemos que mostrarle a la sociedad lo que vamos a hacer y tenemos que darle la tranquilidad de lo que no vamos a hacer&#8221;.<\/p>\n<p>Aunque hay algunos sectores dentro de Juntos por el Cambio que no intuyen que el expresidente se someta a una interna rumbo al segundo mandato, hay acciones que hacen sospechar todo lo contrario, como la visita de Macri a La Pampa para apoyar a los candidatos de la coalici\u00f3n en la provincia. All\u00ed, el expresidente carg\u00f3 contra el Gobierno y contra la gesti\u00f3n econ\u00f3mica de Sergio Massa, para luego brindar palabras de apoyo hacia sus compa\u00f1eros de partido provincial.<\/p>\n<p>&nbsp;<\/p>\n<p><strong>La interna del Frente de Todos<\/strong><\/p>\n<p>Negri se refiri\u00f3 a la interna del Gobierno y asegur\u00f3 que &#8220;el ministro del Interior, Wado de Pedro, pidi\u00f3 que le bajen el volumen a la interna&#8221; y continu\u00f3: &#8220;Se pelean dentro del poder, pero no sueltan la cajas, conviven adentro de esa sociedad pero sin hablarse y sin soltar la plata&#8221;.<\/p>\n<p>&#8220;Desde enero lanzaron la construcci\u00f3n de un relato que les sirva posgobierno porque prev\u00e9n que van a perder, es una relato que les permite criticar a los que gobiernes despu\u00e9s. Eso tiene dos patas. Primero, que la deuda siempre es de Macri o del que estaba atr\u00e1s. Y la segunda, no hablan de la inocencia de Cristina, dicen que &#8216;est\u00e1 proscrita&#8217;. Las dos son mentiras que se caen&#8221;, afirm\u00f3.<\/p>\n<p>Juntos por el Cambio contra el Gobierno: &#8220;Est\u00e1n dejando una bomba armada para el pueblo argentino&#8221;<\/p>\n<p>&#8220;Nos est\u00e1n dejando una situaci\u00f3n peor que la del 2015 y una bomba armada para el pueblo argentino&#8221;, as\u00ed cuestion\u00f3 al Gobierno la mesa nacional de\u00a0 Juntos por el Cambio en un comunicado que public\u00f3 este lunes, en el que hace una fuerte cr\u00edtica a la gesti\u00f3n del ministro de Econom\u00eda, Sergio Massa.<\/p>\n<p>En el escrito publicado en Twitter, la principal coalici\u00f3n opositora del Frente de Todos manifest\u00f3 preocupaci\u00f3n &#8220;ante la grave situaci\u00f3n econ\u00f3mica que el Gobierno Nacional le dejar\u00e1 al pr\u00f3ximo gobierno&#8221; que, seg\u00fan Juntos por el Cambio, &#8220;no hace m\u00e1s que perjudicar a los argentinos, a los que condenan este estancamiento permanente&#8221;.<\/p>\n<p>En l\u00ednea con las cr\u00edticas a la cartera econ\u00f3mica nacional, la coalici\u00f3n repudi\u00f3 &#8220;la utilizaci\u00f3n abusiva de instrumentos financieros en pesos ajustados en d\u00f3lares con tasas de inter\u00e9s imposibles de pagar o en d\u00f3lares a tasas usuarias&#8221; y continu\u00f3: &#8220;Con esto, el Gobierno no hace m\u00e1s que especular con dejar una bomba de tiempo al pr\u00f3ximo Gobierno&#8221;.<\/p>\n","protected":false},"excerpt":{"rendered":"<p>El jefe del bloque de diputados por el radicalismo insisti\u00f3 sobre &#8220;una inflaci\u00f3n de candidatos&#8221; dentro de Juntos por el Cambio. Se refiri\u00f3 a la interna del Frente de Todos y a la estrategia electoral del partido &nbsp; &nbsp; &nbsp; El jefe de diputados por la UCR, Mario Negri, carg\u00f3 contra la indefinici\u00f3n de una posible candidatura del expresidente Mauricio Macri en las elecciones presidenciales de este a\u00f1o, y remarc\u00f3 que le gustar\u00eda que tenga &#8220;otro rol&#8221;. &#8220;Que demore su decisi\u00f3n personal no le hace bien a la coalici\u00f3n&#8221; de&#8230;<\/p>\n","protected":false},"author":3,"featured_media":85016,"comment_status":"closed","ping_status":"closed","sticky":false,"template":"","format":"standard","meta":[],"categories":[18],"tags":[],"_links":{"self":[{"href":"https:\/\/www.actualidadadiario.com\/index.php\/wp-json\/wp\/v2\/posts\/97407"}],"collection":[{"href":"https:\/\/www.actualidadadiario.com\/index.php\/wp-json\/wp\/v2\/posts"}],"about":[{"href":"https:\/\/www.actualidadadiario.com\/index.php\/wp-json\/wp\/v2\/types\/post"}],"author":[{"embeddable":true,"href":"https:\/\/www.actualidadadiario.com\/index.php\/wp-json\/wp\/v2\/users\/3"}],"replies":[{"embeddable":true,"href":"https:\/\/www.actualidadadiario.com\/index.php\/wp-json\/wp\/v2\/comments?post=97407"}],"version-history":[{"count":1,"href":"https:\/\/www.actualidadadiario.com\/index.php\/wp-json\/wp\/v2\/posts\/97407\/revisions"}],"predecessor-version":[{"id":97408,"href":"https:\/\/www.actualidadadiario.com\/index.php\/wp-json\/wp\/v2\/posts\/97407\/revisions\/97408"}],"wp:featuredmedia":[{"embeddable":true,"href":"https:\/\/www.actualidadadiario.com\/index.php\/wp-json\/wp\/v2\/media\/85016"}],"wp:attachment":[{"href":"https:\/\/www.actualidadadiario.com\/index.php\/wp-json\/wp\/v2\/media?parent=97407"}],"wp:term":[{"taxonomy":"category","embeddable":true,"href":"https:\/\/www.actualidadadiario.com\/index.php\/wp-json\/wp\/v2\/categories?post=97407"},{"taxonomy":"post_tag","embeddable":true,"href":"https:\/\/www.actualidadadiario.com\/index.php\/wp-json\/wp\/v2\/tags?post=97407"}],"curies":[{"name":"wp","href":"https:\/\/api.w.org\/{rel}","templated":true}]}}