{"id":97404,"date":"2023-02-08T14:34:58","date_gmt":"2023-02-08T17:34:58","guid":{"rendered":"https:\/\/www.actualidadadiario.com\/?p=97404"},"modified":"2023-02-08T14:34:58","modified_gmt":"2023-02-08T17:34:58","slug":"rubinstein-les-respondio-a-los-economistas-de-juntos-por-el-cambio-sobre-la-deuda-publica-en-pesos","status":"publish","type":"post","link":"https:\/\/www.actualidadadiario.com\/index.php\/2023\/02\/08\/rubinstein-les-respondio-a-los-economistas-de-juntos-por-el-cambio-sobre-la-deuda-publica-en-pesos\/","title":{"rendered":"Rubinstein les respondi\u00f3 a los economistas de Juntos por el Cambio sobre la deuda p\u00fablica en pesos"},"content":{"rendered":"<p style=\"text-align: center;\"><em><strong>El viceministro de Econom\u00eda mencion\u00f3 en una serie de publicaciones en la red social Twitter a Hern\u00e1n Lacunza, Luciano Laspina, Ricardo L\u00f3pez Murphy y Eduardo Levy Yeyati<\/strong><\/em><\/p>\n<p>&nbsp;<\/p>\n<p>&nbsp;<\/p>\n<p>El viceministro de Econom\u00eda, Gabriel Rubinstein, remarc\u00f3 este mi\u00e9rcoles que la deuda p\u00fablica alcanza al 8% del Producto Bruto Interno y requiere \u00abs\u00f3lo del 0,2% del PBI de esfuerzo fiscal para no crecer\u00bb, por lo cual asegur\u00f3 que \u00abno es insustentable\u00bb.<\/p>\n<p>A trav\u00e9s de la red social Twitter, Rubinstein volvi\u00f3 a responder a un grupo de economistas de Juntos por el Cambio que lanzaron cr\u00edticas contra la actual gesti\u00f3n por el manejo de la deuda.<\/p>\n<p>\u00abEstimados colegas \u00bfc\u00f3mo una deuda del 8% del PIB, que requiere s\u00f3lo de 0,2% del PIB de esfuerzo fiscal para no crecer, es catalogada de insustentable? \u00ab\u00bfY si para que la deuda no crezca m\u00e1s, buscamos todos, como pol\u00edtica de estado, aprobar un presupuesto sin d\u00e9ficit fiscal primario?\u00bb, dijo el funcionario.<\/p>\n<p>&nbsp;<\/p>\n<p><strong>Referencia directa a economistas opositores<\/strong><\/p>\n<p>En su tuit, Rubinstein arrob\u00f3 al ex ministro de Econom\u00eda del Gobierno de Mauricio Macri Hern\u00e1n Lacunza, al diputado de Juntos por el Cambio Luciano Laspina, al ex ministro de Econom\u00eda del Gobierno de Fernando de la R\u00faa Ricardo L\u00f3pez Murphy y al economista Eduardo Levy Yeyati.<\/p>\n<p>El viceministro prosigui\u00f3 as\u00ed con una serie de declaraciones iniciadas anoche, cuando afirm\u00f3 que \u00abcuidar el sistema financiero y mercado de capitales local es prioritario\u00bb para el Gobierno y que, por ello, la actual gesti\u00f3n trabaja en hacer crecer la demanda de activos en pesos, en lugar de endeudar a la Argentina en moneda extranjera a corto plazo, a tasas de inter\u00e9s cercanas al 7,5%, como hizo la administraci\u00f3n de Mauricio Macri.<\/p>\n<p>As\u00ed, le respondi\u00f3 a la dirigencia de Juntos por el Cambio, que el lunes emiti\u00f3 un comunicado en el que sostuvo que la deuda en pesos del Tesoro es \u00abimpagable\u00bb y que esta situaci\u00f3n va a dejar a la fuerza que gane las pr\u00f3ximas elecciones \u00abuna bomba de tiempo\u00bb, sobre todo los t\u00edtulos que ajustan por tipo de cambio.<\/p>\n<p>Rubinstein sostuvo que a diferencia del per\u00edodo 2016\/2019, \u00aben que se emit\u00eda mayoritariamente deuda en d\u00f3lares, hoy el mercado de deuda en pesos constituye la principal fuente de financiamiento del Tesoro\u00bb, mientras que la asistencia del Banco Central (BCRA) al Tesoro \u00abrepresent\u00f3 s\u00f3lo el 20% del financiamiento en pesos, destac\u00e1ndose que durante el segundo semestre de 2022 se realizaron cancelaciones parciales de la deuda en pesos con el BCRA\u00bb.<\/p>\n<p>\u00abEste gobierno no s\u00f3lo no se endeud\u00f3 con el exterior, sino que adem\u00e1s reestructur\u00f3 m\u00e1s de US$ 100.000 millones de t\u00edtulos de deuda en moneda extranjera, renegoci\u00f3 el pr\u00e9stamo Stand-by de 2018 con el FMI por m\u00e1s de US$ 44.000 millones. Y tambi\u00e9n se arrib\u00f3 a un nuevo acuerdo con el Club de Par\u00eds y se reconstruy\u00f3 el mercado de deuda en pesos luego de su reperfilamiento (defaulteado) por el gobierno anterior en 2019\u00bb, remarc\u00f3 Rubinstein.<\/p>\n<p>Explic\u00f3 que como resultado de \u00e9sas pol\u00edticas \u00abel ratio deuda-PBI, que se hab\u00eda incrementado durante 2015-2019 desde 52,6% a 89,8%, al tercer trimestre de 2022 ya acumula un descenso de 10 puntos porcentuales hasta el 79,8%\u00bb.<\/p>\n<p>\u00abAl mismo tiempo, se verifica una desdolarizaci\u00f3n de la deuda respecto de la recibida en 2019, pasando de una proporci\u00f3n de deuda en d\u00f3lares del 70% al 53% actualmente. O sea, la deuda en relaci\u00f3n al tama\u00f1o y capacidad de la econom\u00eda es sensiblemente menor en muy poco tiempo\u00bb, agreg\u00f3 Rubinstein.<\/p>\n","protected":false},"excerpt":{"rendered":"<p>El viceministro de Econom\u00eda mencion\u00f3 en una serie de publicaciones en la red social Twitter a Hern\u00e1n Lacunza, Luciano Laspina, Ricardo L\u00f3pez Murphy y Eduardo Levy Yeyati &nbsp; &nbsp; El viceministro de Econom\u00eda, Gabriel Rubinstein, remarc\u00f3 este mi\u00e9rcoles que la deuda p\u00fablica alcanza al 8% del Producto Bruto Interno y requiere \u00abs\u00f3lo del 0,2% del PBI de esfuerzo fiscal para no crecer\u00bb, por lo cual asegur\u00f3 que \u00abno es insustentable\u00bb. A trav\u00e9s de la red social Twitter, Rubinstein volvi\u00f3 a responder a un grupo de economistas de Juntos por el&#8230;<\/p>\n","protected":false},"author":3,"featured_media":97405,"comment_status":"closed","ping_status":"closed","sticky":false,"template":"","format":"standard","meta":[],"categories":[18],"tags":[],"_links":{"self":[{"href":"https:\/\/www.actualidadadiario.com\/index.php\/wp-json\/wp\/v2\/posts\/97404"}],"collection":[{"href":"https:\/\/www.actualidadadiario.com\/index.php\/wp-json\/wp\/v2\/posts"}],"about":[{"href":"https:\/\/www.actualidadadiario.com\/index.php\/wp-json\/wp\/v2\/types\/post"}],"author":[{"embeddable":true,"href":"https:\/\/www.actualidadadiario.com\/index.php\/wp-json\/wp\/v2\/users\/3"}],"replies":[{"embeddable":true,"href":"https:\/\/www.actualidadadiario.com\/index.php\/wp-json\/wp\/v2\/comments?post=97404"}],"version-history":[{"count":1,"href":"https:\/\/www.actualidadadiario.com\/index.php\/wp-json\/wp\/v2\/posts\/97404\/revisions"}],"predecessor-version":[{"id":97406,"href":"https:\/\/www.actualidadadiario.com\/index.php\/wp-json\/wp\/v2\/posts\/97404\/revisions\/97406"}],"wp:featuredmedia":[{"embeddable":true,"href":"https:\/\/www.actualidadadiario.com\/index.php\/wp-json\/wp\/v2\/media\/97405"}],"wp:attachment":[{"href":"https:\/\/www.actualidadadiario.com\/index.php\/wp-json\/wp\/v2\/media?parent=97404"}],"wp:term":[{"taxonomy":"category","embeddable":true,"href":"https:\/\/www.actualidadadiario.com\/index.php\/wp-json\/wp\/v2\/categories?post=97404"},{"taxonomy":"post_tag","embeddable":true,"href":"https:\/\/www.actualidadadiario.com\/index.php\/wp-json\/wp\/v2\/tags?post=97404"}],"curies":[{"name":"wp","href":"https:\/\/api.w.org\/{rel}","templated":true}]}}