{"id":97402,"date":"2023-02-08T14:34:19","date_gmt":"2023-02-08T17:34:19","guid":{"rendered":"https:\/\/www.actualidadadiario.com\/?p=97402"},"modified":"2023-02-08T14:34:19","modified_gmt":"2023-02-08T17:34:19","slug":"juicio-politico-el-oficialismo-se-reune-manana-para-votar-la-admisibilidad-de-las-denuncias-contra-la-corte","status":"publish","type":"post","link":"https:\/\/www.actualidadadiario.com\/index.php\/2023\/02\/08\/juicio-politico-el-oficialismo-se-reune-manana-para-votar-la-admisibilidad-de-las-denuncias-contra-la-corte\/","title":{"rendered":"Juicio pol\u00edtico: el oficialismo se re\u00fane ma\u00f1ana para votar la admisibilidad de las denuncias contra la Corte"},"content":{"rendered":"<p style=\"text-align: center;\"><em><strong>El Frente de Todos avanzar\u00e1 en la elaboraci\u00f3n de un dictamen de mayor\u00eda mientras la oposici\u00f3n har\u00e1 lo suyo por la minor\u00eda y con un tercer documento por el lado de la Coalici\u00f3n C\u00edvica y Lorenzetti. Qu\u00e9 pasar\u00e1 de ahora en m\u00e1s<\/strong><\/em><\/p>\n<p>&nbsp;<\/p>\n<p>&nbsp;<\/p>\n<p>A una semana del reinicio de la actividad judicial tras la feria de verano, en la Corte Suprema hay quienes est\u00e1n atentos a lo que pasa en el Congreso con el juicio pol\u00edtico contra los cuatro cortesanos. Y este jueves 9 de febrero ser\u00e1 un d\u00eda clave para ese proceso empujado por el oficialismo ya que se define la admisibilidad de las denuncias y el arranque de una etapa de mayor acci\u00f3n contra los jueces.<\/p>\n<p>El Frente de Todos busca sacar un dictamen favorable, con los lineamientos que argumentan que Horacio Rosatti, Carlos Rosenkrantz, Juan Carlos Maqueda y Ricardo Lorenzetti tienen m\u00e9ritos como para ser enjuiciados y destitu\u00eddos de sus cargos, aunque eso \u00faltimo parece dif\u00edcil.<\/p>\n<p>Pero despu\u00e9s de dos audiencias en las que se defini\u00f3 el cronograma y se convoc\u00f3 a los autores de los diferentes pedidos de juicio pol\u00edtico contra uno o todos los magistrados para que expongan, el proceso est\u00e1 en la l\u00ednea de largada.<\/p>\n<p>Con un dictamen favorable, que se descuenta que ser\u00e1 as\u00ed porque el oficialismo tiene los n\u00fameros para habilitar el trabajo en comisi\u00f3n, ahora arrancar\u00e1 una nueva etapa que permitir\u00e1, entre otras cosas, la recopilaci\u00f3n de pruebas y el llamado a declarar a testigos y los propios acusados. Sin embargo, en la vereda de en frente es de esperar un dictamen en minor\u00eda de Juntos por el Cambio que incluso podr\u00eda no ser lineal debido a que la Coalici\u00f3n C\u00edvica, que integra esa alianza, tiene su propio encono contra Lorenzetti.<\/p>\n<p>&#8220;Sobre el caso Lorenzetti tendremos nuestro propio dictamen, no con los K&#8221;, dijo una de las espadas del espacio liderado por Elisa &#8220;Lilita&#8221; Carri\u00f3, ante la consulta de cu\u00e1l ser\u00e1 el camino que tomar\u00e1n durante la reuni\u00f3n de ma\u00f1ana en el anexo de Diputados.<\/p>\n<p>La apertura del juicio pol\u00edtico como tal est\u00e1 asegurada para el oficialismo que tiene el control de la Comisi\u00f3n, no as\u00ed de lo que suceda en el pleno una vez que el tema baje al recinto. Hay 14 expedientes presentados en 60 causas que ya fueron analizados y su decantaci\u00f3n ser\u00e1 definida desde ma\u00f1ana a las 11 de la ma\u00f1ana.<\/p>\n<p>&nbsp;<\/p>\n<p><strong>El juicio pol\u00edtico<\/strong><\/p>\n<p>Hasta ahora el proceso de juicio pol\u00edtico arranc\u00f3 con una reuni\u00f3n en la que se defini\u00f3 el cronograma de reuniones y una segunda ocurrida el jueves pasado.<\/p>\n<p>Esa segunda jornada estuvo orientada a la citaci\u00f3n de los autores y autoras de los diferentes procesos de juicio pol\u00edtico contra uno o todos los cortesanos. En esa l\u00ednea es\u00a0 que, por ejemplo, expuso Paula Olivetto en representaci\u00f3n de la Coalici\u00f3n C\u00edvica, quien apunt\u00f3 contra Lorenzetti por &#8220;falta de idoneidad y transparencia&#8221;, y lo se\u00f1al\u00f3 como &#8220;articulador de una matriz de negocios dentro del \u00e1mbito del Poder Judicial&#8221;.<\/p>\n<p>Tambi\u00e9n expuso Patricia Isasa, una v\u00edctima del terrorismo de Estado que denunci\u00f3 a Rosatti por haberle dado su respaldo al represor que la hab\u00eda torturado. &#8220;Todo el mundo me dec\u00eda que Eduardo Alberto Ramos (el represor que la tortur\u00f3) era el mat\u00f3n de Horacio Rosatti, cuando era intendente de Santa Fe. Ramos se hab\u00eda hecho una bandita para asolar la Ciudad&#8221;, cont\u00f3.<\/p>\n<p>En tanto, el periodista y abogado defensor de los derechos humanos, Pablo Llonto, tom\u00f3 la palabra y se\u00f1al\u00f3 que &#8220;la historia de la democracia ha tenido miles de problemas&#8221; y &#8220;uno se llama Horacio Rosatti&#8221;. Sum\u00f3: &#8220;El hecho que traemos ac\u00e1 cierra la explicaci\u00f3n de por qu\u00e9 hace lo que hace y por qu\u00e9 causal de mal desempe\u00f1o es grav\u00edsima&#8221;.<\/p>\n<p>&nbsp;<\/p>\n<p><strong>A una semana de la vuelta a la actividad<\/strong><\/p>\n<p>Eso ocurrir\u00e1 a una semana y un d\u00eda del reinicio de la actividad en la Corte Suprema de Justicia, que estuvo de feria durante todo el mes de enero.<\/p>\n<p>Institucionalmente todav\u00eda no hubo ninguna referencia al juicio pol\u00edtico. &#8220;Crecieron un 25% las denuncias por violencia dom\u00e9stica&#8221;, es el t\u00edtulo del \u00fanico comunicado emanado hasta el momento desde el cuarto piso de Talcahuano 550. Sostiene esa misiva que &#8220;en enero de 2023, la Oficina de Violencia Dom\u00e9stica de la Corte Suprema de Justicia de la Naci\u00f3n recibi\u00f3 901 denuncias&#8221;.<\/p>\n<p>El hecho de que el Frente de Todos no tenga los n\u00fameros suficientes para hacer avanzar el proceso en el pleno de la C\u00e1mara de Diputados es un punto de tranquilidad al menos moment\u00e1neo.<\/p>\n<p>De todos modos, en el tratamiento en comisi\u00f3n el oficialismo tiene cartas a favor y la decisi\u00f3n de usarlas est\u00e1 firme. Quieren citar a los cuatro cortesanos que est\u00e1n en la mira, aunque el m\u00e1s apuntado es Rosatti. En Diputados sostienen que no est\u00e1n obligados a presentarse.<\/p>\n<p>Lo ocurre mismo con Robles, denunciado por la filtraci\u00f3n de los supuestos chats que habr\u00eda mantenido con el ministro de Seguridad y Justicia de licencia, Marcelo D\u2019Alessandro.<\/p>\n","protected":false},"excerpt":{"rendered":"<p>El Frente de Todos avanzar\u00e1 en la elaboraci\u00f3n de un dictamen de mayor\u00eda mientras la oposici\u00f3n har\u00e1 lo suyo por la minor\u00eda y con un tercer documento por el lado de la Coalici\u00f3n C\u00edvica y Lorenzetti. Qu\u00e9 pasar\u00e1 de ahora en m\u00e1s &nbsp; &nbsp; A una semana del reinicio de la actividad judicial tras la feria de verano, en la Corte Suprema hay quienes est\u00e1n atentos a lo que pasa en el Congreso con el juicio pol\u00edtico contra los cuatro cortesanos. Y este jueves 9 de febrero ser\u00e1 un d\u00eda&#8230;<\/p>\n","protected":false},"author":3,"featured_media":95795,"comment_status":"closed","ping_status":"closed","sticky":false,"template":"","format":"standard","meta":[],"categories":[9],"tags":[],"_links":{"self":[{"href":"https:\/\/www.actualidadadiario.com\/index.php\/wp-json\/wp\/v2\/posts\/97402"}],"collection":[{"href":"https:\/\/www.actualidadadiario.com\/index.php\/wp-json\/wp\/v2\/posts"}],"about":[{"href":"https:\/\/www.actualidadadiario.com\/index.php\/wp-json\/wp\/v2\/types\/post"}],"author":[{"embeddable":true,"href":"https:\/\/www.actualidadadiario.com\/index.php\/wp-json\/wp\/v2\/users\/3"}],"replies":[{"embeddable":true,"href":"https:\/\/www.actualidadadiario.com\/index.php\/wp-json\/wp\/v2\/comments?post=97402"}],"version-history":[{"count":1,"href":"https:\/\/www.actualidadadiario.com\/index.php\/wp-json\/wp\/v2\/posts\/97402\/revisions"}],"predecessor-version":[{"id":97403,"href":"https:\/\/www.actualidadadiario.com\/index.php\/wp-json\/wp\/v2\/posts\/97402\/revisions\/97403"}],"wp:featuredmedia":[{"embeddable":true,"href":"https:\/\/www.actualidadadiario.com\/index.php\/wp-json\/wp\/v2\/media\/95795"}],"wp:attachment":[{"href":"https:\/\/www.actualidadadiario.com\/index.php\/wp-json\/wp\/v2\/media?parent=97402"}],"wp:term":[{"taxonomy":"category","embeddable":true,"href":"https:\/\/www.actualidadadiario.com\/index.php\/wp-json\/wp\/v2\/categories?post=97402"},{"taxonomy":"post_tag","embeddable":true,"href":"https:\/\/www.actualidadadiario.com\/index.php\/wp-json\/wp\/v2\/tags?post=97402"}],"curies":[{"name":"wp","href":"https:\/\/api.w.org\/{rel}","templated":true}]}}