{"id":97399,"date":"2023-02-08T14:33:28","date_gmt":"2023-02-08T17:33:28","guid":{"rendered":"https:\/\/www.actualidadadiario.com\/?p=97399"},"modified":"2023-02-08T14:33:28","modified_gmt":"2023-02-08T17:33:28","slug":"primera-convocatoria-presidencial-a-la-mesa-del-frente-de-todos-para-el-16-de-febrero","status":"publish","type":"post","link":"https:\/\/www.actualidadadiario.com\/index.php\/2023\/02\/08\/primera-convocatoria-presidencial-a-la-mesa-del-frente-de-todos-para-el-16-de-febrero\/","title":{"rendered":"Primera convocatoria presidencial a la mesa del Frente de Todos para el 16 de febrero"},"content":{"rendered":"<p style=\"text-align: center;\"><em><strong>Fuentes de la coalici\u00f3n precisaron que Alberto Fern\u00e1ndez invit\u00f3 a la sede del PJ, el pr\u00f3ximo jueves a las 19, a gobernadores, miembros del Gabinete, intendentes, sindicalistas y movimientos sociales oficialistas<\/strong><\/em><\/p>\n<p>&nbsp;<\/p>\n<p>&nbsp;<\/p>\n<p>El presidente Alberto Fern\u00e1ndez convoc\u00f3 a la primera reuni\u00f3n de la mesa pol\u00edtica del Frente de Todos para el pr\u00f3ximo 16 de febrero, cuyo espacio tendr\u00e1 el objetivo de debatir la estrategia electoral del oficialismo de cara a las elecciones de este a\u00f1o.<\/p>\n<p>Fuentes oficiales confirmaron que el espacio de di\u00e1logo tendr\u00e1 lugar el pr\u00f3ximo jueves 16 a las 19 en la sede porte\u00f1a del Partido Justicialista, ubicada en la calle Matheu 130.<\/p>\n<p>El vicejefe de gabinete y apoderado del Partido Justicialista, Juan Manuel Olmos, invit\u00f3 al encuentro a &#8220;los representantes de los distintos espacios pol\u00edticos del Frente de Todos&#8221;.<\/p>\n<p>En ese marco, fuentes del Frente de Todos precisaron que al c\u00f3nclave partidario asistir\u00e1n gobernadores, funcionarios del Gabinete nacional, intendentes, sindicalistas y movimientos sociales oficialistas.<\/p>\n<p>Alberto Fern\u00e1ndez le puso fecha y hora a la convocatoria de la mesa nacional, a tan solo tres d\u00edas de haber oficializado su intenci\u00f3n de abrir el di\u00e1logo interno mediante una &#8220;mesa que dise\u00f1e las reglas electorales&#8221; y la &#8220;estrategia&#8221; del Frente de Todos de cara a los comicios de este a\u00f1o.<\/p>\n<p>&#8220;C\u00f3mo presidente del PJ, el partido m\u00e1s importante de nuestra coalici\u00f3n de Gobierno he decidido convocar en los pr\u00f3ximos d\u00edas a la conformaci\u00f3n de una mesa que dise\u00f1e las reglas electorales del Frente y la estrategia a seguir con miras a las distintas elecciones de este a\u00f1o&#8221;, public\u00f3 el jefe de Estado en su cuenta de Twitter.<\/p>\n<p>&nbsp;<\/p>\n<p><strong>Primera convocatoria presidencial a la mesa del Frente de Todos<\/strong><\/p>\n<p>Luego de los reclamos del kirchnerismo y el Frente Renovador, Fern\u00e1ndez precis\u00f3: &#8220;Conf\u00edo en que dicho \u00e1mbito de debate sirva para abrir la convocatoria a los sectores sociales, de la producci\u00f3n y del trabajo que acompa\u00f1an a nuestra coalici\u00f3n de Gobierno con los que compartimos un mismo proyecto de pa\u00eds&#8221;.<\/p>\n<p>Asimismo, detall\u00f3 que los gobernadores e intendentes &#8220;deber\u00e1n definir el n\u00facleo dirigencial que represente a la fuerza territorial del Frente de Todos&#8221;.<\/p>\n<p>&#8220;Es mi intenci\u00f3n que los referentes que confluimos con miradas diversas en el peronismo, junto a referentes del Frente Renovador y de otras fuerzas pol\u00edticas que participan del espacio, establezcamos las reglas de competencia que sostengan la unidad que nos lleve a la victoria&#8221;, hab\u00eda indicado el Presidente.<\/p>\n<p>Se trata de un pedido que encabez\u00f3 el diputado y dirigente de La C\u00e1mpora, M\u00e1ximo Kirchner, y que encontr\u00f3 lugar tambi\u00e9n en el ministro de Econom\u00eda, Sergio Massa, para la puesta en pie de una instancia en la que participen representantes de todas las fuerzas y sirva para dialogar y acordar cuestiones.<\/p>\n<p>Desde la Casa de Gobierno se encargaron de aclarar que la idea de convocar a una mesa nacional &#8220;ya estaba en marcha&#8221;, pero lo cierto es que la noticia trascendi\u00f3 luego de la reuni\u00f3n que compartieron en la noche de este martes, dirigentes La C\u00e1mpora y del massismo en el partido bonaerense de Merlo.<\/p>\n<p>El encuentro del Partido Justicialista bonaerense, al que Alberto Fern\u00e1ndez no fue invitado, cont\u00f3 con la presencia del titular del espacio, el diputado nacional M\u00e1ximo Kirchner; el gobernador de la provincia de Buenos Aires, Axel Kicillof; los ministros nacionales Eduardo &#8220;Wado&#8221; De Pedro (Interior) y Sergio Massa (Econom\u00eda) junto a intendentes de la Primera y la Tercera secci\u00f3n electoral.<\/p>\n<p>&#8220;Ning\u00fan compa\u00f1ero habla mal de otro compa\u00f1ero. Estamos gobernando y tenemos que ganar las elecci\u00f3n&#8221;, enfatiz\u00f3 el ministro de Obras P\u00fablicas de la Naci\u00f3n, Gabriel Katopodis, que ofici\u00f3 como vocero del encuentro que se realiz\u00f3 en la quinta municipal La Colonial de Merlo.<\/p>\n<p>Con la premisa de que las candidaturas del espacio se deber\u00e1n dirimir en las Primarias Abiertas Simult\u00e1neas y Obligatorias (PASO), los m\u00e1ximos dirigentes del Frente de Todos deber\u00e1n buscar el mejor camino para afrontar el debate interno que se abrir\u00eda en los pr\u00f3ximos d\u00edas.<\/p>\n","protected":false},"excerpt":{"rendered":"<p>Fuentes de la coalici\u00f3n precisaron que Alberto Fern\u00e1ndez invit\u00f3 a la sede del PJ, el pr\u00f3ximo jueves a las 19, a gobernadores, miembros del Gabinete, intendentes, sindicalistas y movimientos sociales oficialistas &nbsp; &nbsp; El presidente Alberto Fern\u00e1ndez convoc\u00f3 a la primera reuni\u00f3n de la mesa pol\u00edtica del Frente de Todos para el pr\u00f3ximo 16 de febrero, cuyo espacio tendr\u00e1 el objetivo de debatir la estrategia electoral del oficialismo de cara a las elecciones de este a\u00f1o. Fuentes oficiales confirmaron que el espacio de di\u00e1logo tendr\u00e1 lugar el pr\u00f3ximo jueves 16&#8230;<\/p>\n","protected":false},"author":3,"featured_media":97400,"comment_status":"closed","ping_status":"closed","sticky":false,"template":"","format":"standard","meta":[],"categories":[9],"tags":[],"_links":{"self":[{"href":"https:\/\/www.actualidadadiario.com\/index.php\/wp-json\/wp\/v2\/posts\/97399"}],"collection":[{"href":"https:\/\/www.actualidadadiario.com\/index.php\/wp-json\/wp\/v2\/posts"}],"about":[{"href":"https:\/\/www.actualidadadiario.com\/index.php\/wp-json\/wp\/v2\/types\/post"}],"author":[{"embeddable":true,"href":"https:\/\/www.actualidadadiario.com\/index.php\/wp-json\/wp\/v2\/users\/3"}],"replies":[{"embeddable":true,"href":"https:\/\/www.actualidadadiario.com\/index.php\/wp-json\/wp\/v2\/comments?post=97399"}],"version-history":[{"count":1,"href":"https:\/\/www.actualidadadiario.com\/index.php\/wp-json\/wp\/v2\/posts\/97399\/revisions"}],"predecessor-version":[{"id":97401,"href":"https:\/\/www.actualidadadiario.com\/index.php\/wp-json\/wp\/v2\/posts\/97399\/revisions\/97401"}],"wp:featuredmedia":[{"embeddable":true,"href":"https:\/\/www.actualidadadiario.com\/index.php\/wp-json\/wp\/v2\/media\/97400"}],"wp:attachment":[{"href":"https:\/\/www.actualidadadiario.com\/index.php\/wp-json\/wp\/v2\/media?parent=97399"}],"wp:term":[{"taxonomy":"category","embeddable":true,"href":"https:\/\/www.actualidadadiario.com\/index.php\/wp-json\/wp\/v2\/categories?post=97399"},{"taxonomy":"post_tag","embeddable":true,"href":"https:\/\/www.actualidadadiario.com\/index.php\/wp-json\/wp\/v2\/tags?post=97399"}],"curies":[{"name":"wp","href":"https:\/\/api.w.org\/{rel}","templated":true}]}}